{"id":45513,"date":"2025-09-12T05:01:02","date_gmt":"2025-09-12T08:01:02","guid":{"rendered":"http:\/\/masquenoticiastucuman.com.ar\/?p=45513"},"modified":"2025-09-12T05:01:02","modified_gmt":"2025-09-12T08:01:02","slug":"quien-es-brooks-nader-la-modelo-estadounidense-que-vinculan-con-el-tenista-espanol-carlos-alcaraz","status":"publish","type":"post","link":"https:\/\/masquenoticiastucuman.com.ar\/?p=45513","title":{"rendered":"Qui\u00e9n es Brooks Nader, la modelo estadounidense que vinculan con el tenista espa\u00f1ol Carlos Alcaraz"},"content":{"rendered":"<ul>\n<li>La influencer, habitual tapa de revistas, es muy popular en redes sociales.<\/li>\n<li>Tiene 28 a\u00f1os, seis m\u00e1s que el n\u00famero 1 del ranking ATP, con quien habr\u00eda iniciado un v\u00ednculo sentimental.<\/li>\n<li>Estuvo casada, adem\u00e1s de haber tenido romances con figuras de distintos \u00e1mbitos.<\/li>\n<\/ul>","protected":false},"excerpt":{"rendered":"<p>La influencer, habitual tapa de revistas, es muy popular en redes sociales. Tiene 28 a\u00f1os,&#8230;<\/p>\n","protected":false},"author":1,"featured_media":0,"comment_status":"open","ping_status":"open","sticky":false,"template":"","format":"standard","meta":{"footnotes":""},"categories":[6],"tags":[],"class_list":["post-45513","post","type-post","status-publish","format-standard","hentry","category-deportes"],"_links":{"self":[{"href":"https:\/\/masquenoticiastucuman.com.ar\/index.php?rest_route=\/wp\/v2\/posts\/45513","targetHints":{"allow":["GET"]}}],"collection":[{"href":"https:\/\/masquenoticiastucuman.com.ar\/index.php?rest_route=\/wp\/v2\/posts"}],"about":[{"href":"https:\/\/masquenoticiastucuman.com.ar\/index.php?rest_route=\/wp\/v2\/types\/post"}],"author":[{"embeddable":true,"href":"https:\/\/masquenoticiastucuman.com.ar\/index.php?rest_route=\/wp\/v2\/users\/1"}],"replies":[{"embeddable":true,"href":"https:\/\/masquenoticiastucuman.com.ar\/index.php?rest_route=%2Fwp%2Fv2%2Fcomments&post=45513"}],"version-history":[{"count":0,"href":"https:\/\/masquenoticiastucuman.com.ar\/index.php?rest_route=\/wp\/v2\/posts\/45513\/revisions"}],"wp:attachment":[{"href":"https:\/\/masquenoticiastucuman.com.ar\/index.php?rest_route=%2Fwp%2Fv2%2Fmedia&parent=45513"}],"wp:term":[{"taxonomy":"category","embeddable":true,"href":"https:\/\/masquenoticiastucuman.com.ar\/index.php?rest_route=%2Fwp%2Fv2%2Fcategories&post=45513"},{"taxonomy":"post_tag","embeddable":true,"href":"https:\/\/masquenoticiastucuman.com.ar\/index.php?rest_route=%2Fwp%2Fv2%2Ftags&post=45513"}],"curies":[{"name":"wp","href":"https:\/\/api.w.org\/{rel}","templated":true}]}}