{"id":45521,"date":"2025-09-12T07:01:04","date_gmt":"2025-09-12T10:01:04","guid":{"rendered":"http:\/\/masquenoticiastucuman.com.ar\/?p=45521"},"modified":"2025-09-12T07:01:04","modified_gmt":"2025-09-12T10:01:04","slug":"las-diferencias-entre-el-iphone-17-y-el-16-por-que-este-ano-si-vale-la-pena-el-nuevo-modelo","status":"publish","type":"post","link":"https:\/\/masquenoticiastucuman.com.ar\/?p=45521","title":{"rendered":"Las diferencias entre el iPhone 17 y el 16: por qu\u00e9 este a\u00f1o s\u00ed vale la pena el nuevo modelo"},"content":{"rendered":"<ul>\n<li>Apple present\u00f3 esta semana su nueva generaci\u00f3n de smartphones.<\/li>\n<li>El equipo trae mejoras en c\u00e1maras, rendimiento y autonom\u00eda.<\/li>\n<li>Estar\u00e1 vigente por m\u00e1s tiempo antes de la llegada de la siguiente versi\u00f3n.<\/li>\n<\/ul>","protected":false},"excerpt":{"rendered":"<p>Apple present\u00f3 esta semana su nueva generaci\u00f3n de smartphones. El equipo trae mejoras en c\u00e1maras,&#8230;<\/p>\n","protected":false},"author":1,"featured_media":0,"comment_status":"open","ping_status":"open","sticky":false,"template":"","format":"standard","meta":{"footnotes":""},"categories":[8],"tags":[],"class_list":["post-45521","post","type-post","status-publish","format-standard","hentry","category-tecnologia"],"_links":{"self":[{"href":"https:\/\/masquenoticiastucuman.com.ar\/index.php?rest_route=\/wp\/v2\/posts\/45521","targetHints":{"allow":["GET"]}}],"collection":[{"href":"https:\/\/masquenoticiastucuman.com.ar\/index.php?rest_route=\/wp\/v2\/posts"}],"about":[{"href":"https:\/\/masquenoticiastucuman.com.ar\/index.php?rest_route=\/wp\/v2\/types\/post"}],"author":[{"embeddable":true,"href":"https:\/\/masquenoticiastucuman.com.ar\/index.php?rest_route=\/wp\/v2\/users\/1"}],"replies":[{"embeddable":true,"href":"https:\/\/masquenoticiastucuman.com.ar\/index.php?rest_route=%2Fwp%2Fv2%2Fcomments&post=45521"}],"version-history":[{"count":0,"href":"https:\/\/masquenoticiastucuman.com.ar\/index.php?rest_route=\/wp\/v2\/posts\/45521\/revisions"}],"wp:attachment":[{"href":"https:\/\/masquenoticiastucuman.com.ar\/index.php?rest_route=%2Fwp%2Fv2%2Fmedia&parent=45521"}],"wp:term":[{"taxonomy":"category","embeddable":true,"href":"https:\/\/masquenoticiastucuman.com.ar\/index.php?rest_route=%2Fwp%2Fv2%2Fcategories&post=45521"},{"taxonomy":"post_tag","embeddable":true,"href":"https:\/\/masquenoticiastucuman.com.ar\/index.php?rest_route=%2Fwp%2Fv2%2Ftags&post=45521"}],"curies":[{"name":"wp","href":"https:\/\/api.w.org\/{rel}","templated":true}]}}