{"id":45527,"date":"2025-09-12T07:35:46","date_gmt":"2025-09-12T10:35:46","guid":{"rendered":"https:\/\/masquenoticiastucuman.com.ar\/?p=45527"},"modified":"2025-09-12T07:35:47","modified_gmt":"2025-09-12T10:35:47","slug":"culmino-la-compactacion-de-2500-vehiculos","status":"publish","type":"post","link":"https:\/\/masquenoticiastucuman.com.ar\/?p=45527","title":{"rendered":"Culmin\u00f3 la compactaci\u00f3n de 2500 veh\u00edculos"},"content":{"rendered":"\n<p>Hab\u00eda veh\u00edculos secuestrados que ya contaban con m\u00e1s de 10 a\u00f1os<\/p>\n\n\n\n<p>En la jornada de ayer, en el marco del Programa Nacional de Descontaminaci\u00f3n, Compactaci\u00f3n y Disposici\u00f3n Final de Automotores (PRO.DE.CO.) finaliz\u00f3 una nueva etapa de compactaci\u00f3n de m\u00e1s de 2500 veh\u00edculos en la Direcci\u00f3n de Seguridad Vial.&nbsp;<\/p>\n\n\n\n<p>El operativo estuvo supervisado por&nbsp;<strong>Cecilia Robles<\/strong>, funcionaria del Ministerio de Seguridad.<\/p>\n\n\n\n<p>En ese aspecto, Cecilia Robles, a cargo de la Divisi\u00f3n Compactaci\u00f3n, asegur\u00f3: \u201cEstamos concluyendo con esta etapa de 2500 veh\u00edculos, la cual arranc\u00f3 hace 1 mes y medio en el \u00c1rea de la Direcci\u00f3n de Seguridad Vial. El objetivo de la misma es limpiar la zona donde hay rodados para generar espacios libres sin contaminaci\u00f3n garantizando la protecci\u00f3n del medioambiente y contribuyendo a la seguridad\u201d.<\/p>\n\n\n\n<p>Asimismo, dijo: \u201cYa se est\u00e1n armando nuevos expedientes para continuar con los procesos de compactaci\u00f3n. Trabajamos con varias \u00e1reas con las que estamos comprometidas. La recaudaci\u00f3n est\u00e1 destinada a la Fundaci\u00f3n Coraz\u00f3n de Madre que, tambi\u00e9n est\u00e1 involucrada con el medioambiente y para la cual representa una gran ayuda\u201d.<\/p>\n\n\n\n<p>Finalmente, el comisario inspector,&nbsp;<strong>Osvaldo Lazarte<\/strong>, responsable de la Direcci\u00f3n de Seguridad Vial de la Polic\u00eda de Tucum\u00e1n, coment\u00f3: \u201cHab\u00eda veh\u00edculos secuestrados hace m\u00e1s de 10 a\u00f1os, ahora estamos armando expedientes con rodados m\u00e1s antiguos\u201d.<\/p>\n","protected":false},"excerpt":{"rendered":"<p>Hab\u00eda veh\u00edculos secuestrados que ya contaban con m\u00e1s de 10 a\u00f1os En la jornada de&#8230;<\/p>\n","protected":false},"author":2,"featured_media":0,"comment_status":"open","ping_status":"open","sticky":false,"template":"","format":"standard","meta":{"footnotes":""},"categories":[2],"tags":[],"class_list":["post-45527","post","type-post","status-publish","format-standard","hentry","category-locales"],"_links":{"self":[{"href":"https:\/\/masquenoticiastucuman.com.ar\/index.php?rest_route=\/wp\/v2\/posts\/45527","targetHints":{"allow":["GET"]}}],"collection":[{"href":"https:\/\/masquenoticiastucuman.com.ar\/index.php?rest_route=\/wp\/v2\/posts"}],"about":[{"href":"https:\/\/masquenoticiastucuman.com.ar\/index.php?rest_route=\/wp\/v2\/types\/post"}],"author":[{"embeddable":true,"href":"https:\/\/masquenoticiastucuman.com.ar\/index.php?rest_route=\/wp\/v2\/users\/2"}],"replies":[{"embeddable":true,"href":"https:\/\/masquenoticiastucuman.com.ar\/index.php?rest_route=%2Fwp%2Fv2%2Fcomments&post=45527"}],"version-history":[{"count":1,"href":"https:\/\/masquenoticiastucuman.com.ar\/index.php?rest_route=\/wp\/v2\/posts\/45527\/revisions"}],"predecessor-version":[{"id":45529,"href":"https:\/\/masquenoticiastucuman.com.ar\/index.php?rest_route=\/wp\/v2\/posts\/45527\/revisions\/45529"}],"wp:attachment":[{"href":"https:\/\/masquenoticiastucuman.com.ar\/index.php?rest_route=%2Fwp%2Fv2%2Fmedia&parent=45527"}],"wp:term":[{"taxonomy":"category","embeddable":true,"href":"https:\/\/masquenoticiastucuman.com.ar\/index.php?rest_route=%2Fwp%2Fv2%2Fcategories&post=45527"},{"taxonomy":"post_tag","embeddable":true,"href":"https:\/\/masquenoticiastucuman.com.ar\/index.php?rest_route=%2Fwp%2Fv2%2Ftags&post=45527"}],"curies":[{"name":"wp","href":"https:\/\/api.w.org\/{rel}","templated":true}]}}