{"id":45540,"date":"2025-09-12T10:01:03","date_gmt":"2025-09-12T13:01:03","guid":{"rendered":"http:\/\/masquenoticiastucuman.com.ar\/?p=45540"},"modified":"2025-09-12T10:01:03","modified_gmt":"2025-09-12T13:01:03","slug":"el-gobierno-oficializo-cambios-en-el-plan-de-vacunacion-contra-la-aftosa-se-dejaran-de-vacunar-novillos-novillitos-y-vaquillonas-desde-la-segunda-campana-de-2026","status":"publish","type":"post","link":"https:\/\/masquenoticiastucuman.com.ar\/?p=45540","title":{"rendered":"El Gobierno oficializ\u00f3 cambios en el plan de vacunaci\u00f3n contra la aftosa: se dejar\u00e1n de vacunar novillos, novillitos y vaquillonas desde la segunda campa\u00f1a de 2026"},"content":{"rendered":"<ul>\n<li>El Servicio Nacional de Sanidad y Calidad Agroalimentaria (SENASA) public\u00f3 este viernes en el Bolet\u00edn Oficial la Resoluci\u00f3n 711\/2025.<\/li>\n<li>El organismo sanitario aclar\u00f3 que no se compromete la sanidad del rodeo bovino.<\/li>\n<\/ul>","protected":false},"excerpt":{"rendered":"<p>El Servicio Nacional de Sanidad y Calidad Agroalimentaria (SENASA) public\u00f3 este viernes en el Bolet\u00edn&#8230;<\/p>\n","protected":false},"author":1,"featured_media":0,"comment_status":"open","ping_status":"open","sticky":false,"template":"","format":"standard","meta":{"footnotes":""},"categories":[],"tags":[],"class_list":["post-45540","post","type-post","status-publish","format-standard","hentry"],"_links":{"self":[{"href":"https:\/\/masquenoticiastucuman.com.ar\/index.php?rest_route=\/wp\/v2\/posts\/45540","targetHints":{"allow":["GET"]}}],"collection":[{"href":"https:\/\/masquenoticiastucuman.com.ar\/index.php?rest_route=\/wp\/v2\/posts"}],"about":[{"href":"https:\/\/masquenoticiastucuman.com.ar\/index.php?rest_route=\/wp\/v2\/types\/post"}],"author":[{"embeddable":true,"href":"https:\/\/masquenoticiastucuman.com.ar\/index.php?rest_route=\/wp\/v2\/users\/1"}],"replies":[{"embeddable":true,"href":"https:\/\/masquenoticiastucuman.com.ar\/index.php?rest_route=%2Fwp%2Fv2%2Fcomments&post=45540"}],"version-history":[{"count":0,"href":"https:\/\/masquenoticiastucuman.com.ar\/index.php?rest_route=\/wp\/v2\/posts\/45540\/revisions"}],"wp:attachment":[{"href":"https:\/\/masquenoticiastucuman.com.ar\/index.php?rest_route=%2Fwp%2Fv2%2Fmedia&parent=45540"}],"wp:term":[{"taxonomy":"category","embeddable":true,"href":"https:\/\/masquenoticiastucuman.com.ar\/index.php?rest_route=%2Fwp%2Fv2%2Fcategories&post=45540"},{"taxonomy":"post_tag","embeddable":true,"href":"https:\/\/masquenoticiastucuman.com.ar\/index.php?rest_route=%2Fwp%2Fv2%2Ftags&post=45540"}],"curies":[{"name":"wp","href":"https:\/\/api.w.org\/{rel}","templated":true}]}}