{"id":45543,"date":"2025-09-12T10:32:35","date_gmt":"2025-09-12T13:32:35","guid":{"rendered":"https:\/\/masquenoticiastucuman.com.ar\/?p=45543"},"modified":"2025-09-12T10:32:36","modified_gmt":"2025-09-12T13:32:36","slug":"fallecio-el-ciclista-arrollado-en-el-acceso-a-villa-mariano-moreno","status":"publish","type":"post","link":"https:\/\/masquenoticiastucuman.com.ar\/?p=45543","title":{"rendered":"Falleci\u00f3 el ciclista arrollado en el acceso a Villa Mariano Moreno"},"content":{"rendered":"\n<p>El ciclista que fue arrollado el mi\u00e9rcoles en la ruta 9, falleci\u00f3 en el hospital Padilla, seg\u00fan confirmaron fuentes policiales y autoridades del centro asistencial. Ten\u00eda 33 a\u00f1os<\/p>\n\n\n\n<p>Seg\u00fan consta en el informe oficial, cerca de las 15.45,&nbsp;<strong>Gonzalo Ezequiel Prokop<\/strong>&nbsp;(33 a\u00f1os) y&nbsp;<strong>Juan Eduardo L\u00f3pez<\/strong>&nbsp;(44) circulaban por la ruta en bicicleta. Al llegar a la altura del ingreso a Villa Mariano Moreno, fueron arrollados por el Ford Fiesta que era conducido por el polic\u00eda retirado&nbsp;<strong>Juan de la Cruz Jim\u00e9nez<\/strong>&nbsp;(76).<\/p>\n\n\n\n<p>Los allegados a Prokop confirmaron que normalmente un\u00eda la capital tucumana con El Cadillal para entrenarse. \u201cEspero que ahora las autoridades reflexionen sobre los peligros que sufrimos los bikers cuando recorremos ese trayecto. \u00bfEsperar\u00e1n otra muerte para darse cuenta?\u201d, se pregunt\u00f3&nbsp;<strong>Mart\u00edn Quesada<\/strong>.<\/p>\n\n\n\n<p>Este percance se registr\u00f3 a pocos kil\u00f3metros del lugar donde fue arrollado&nbsp;<strong>Jos\u00e9 \u201cCheo\u201d Hern\u00e1ndez<\/strong>, reconocido biker tucumano. El ciclista se encuentra internado en estado reservado tras sufrir un grave accidente el martes 2 en la misma ruta, pero a la altura de la empresa Trapani.<\/p>\n\n\n\n<p>La muerte de Prokop gener\u00f3 gran dolor entre los ciclistas tucumanos que expresaron su preocupaci\u00f3n y dolor en las redes sociales. Tambi\u00e9n gener\u00f3 una pol\u00e9mica sobre la utilizaci\u00f3n de esa ruta para practicar el deporte.<\/p>\n\n\n\n<p>Los deportistas exigen la construcci\u00f3n de una bicisenda que una la capital tucumana con El Cadillal, proyecto que est\u00e1 listo, pero que hasta el momento no tiene financiamiento.&nbsp;<\/p>\n\n\n\n<p>En tanto que las autoridades sostienen que las normas proh\u00edben circular en bicicleta por esa ruta. Fuente: (La Gaceta)<\/p>\n","protected":false},"excerpt":{"rendered":"<p>El ciclista que fue arrollado el mi\u00e9rcoles en la ruta 9, falleci\u00f3 en el hospital&#8230;<\/p>\n","protected":false},"author":2,"featured_media":0,"comment_status":"open","ping_status":"open","sticky":false,"template":"","format":"standard","meta":{"footnotes":""},"categories":[2],"tags":[],"class_list":["post-45543","post","type-post","status-publish","format-standard","hentry","category-locales"],"_links":{"self":[{"href":"https:\/\/masquenoticiastucuman.com.ar\/index.php?rest_route=\/wp\/v2\/posts\/45543","targetHints":{"allow":["GET"]}}],"collection":[{"href":"https:\/\/masquenoticiastucuman.com.ar\/index.php?rest_route=\/wp\/v2\/posts"}],"about":[{"href":"https:\/\/masquenoticiastucuman.com.ar\/index.php?rest_route=\/wp\/v2\/types\/post"}],"author":[{"embeddable":true,"href":"https:\/\/masquenoticiastucuman.com.ar\/index.php?rest_route=\/wp\/v2\/users\/2"}],"replies":[{"embeddable":true,"href":"https:\/\/masquenoticiastucuman.com.ar\/index.php?rest_route=%2Fwp%2Fv2%2Fcomments&post=45543"}],"version-history":[{"count":1,"href":"https:\/\/masquenoticiastucuman.com.ar\/index.php?rest_route=\/wp\/v2\/posts\/45543\/revisions"}],"predecessor-version":[{"id":45545,"href":"https:\/\/masquenoticiastucuman.com.ar\/index.php?rest_route=\/wp\/v2\/posts\/45543\/revisions\/45545"}],"wp:attachment":[{"href":"https:\/\/masquenoticiastucuman.com.ar\/index.php?rest_route=%2Fwp%2Fv2%2Fmedia&parent=45543"}],"wp:term":[{"taxonomy":"category","embeddable":true,"href":"https:\/\/masquenoticiastucuman.com.ar\/index.php?rest_route=%2Fwp%2Fv2%2Fcategories&post=45543"},{"taxonomy":"post_tag","embeddable":true,"href":"https:\/\/masquenoticiastucuman.com.ar\/index.php?rest_route=%2Fwp%2Fv2%2Ftags&post=45543"}],"curies":[{"name":"wp","href":"https:\/\/api.w.org\/{rel}","templated":true}]}}