{"id":45552,"date":"2025-09-12T12:48:57","date_gmt":"2025-09-12T15:48:57","guid":{"rendered":"https:\/\/masquenoticiastucuman.com.ar\/?p=45552"},"modified":"2025-09-12T12:48:57","modified_gmt":"2025-09-12T15:48:57","slug":"implementaran-protocolo-contra-la-violencia-en-escuelas-de-seguridad","status":"publish","type":"post","link":"https:\/\/masquenoticiastucuman.com.ar\/?p=45552","title":{"rendered":"Implementar\u00e1n protocolo contra la violencia en escuelas de seguridad"},"content":{"rendered":"\n<p>Se trata de un instructivo de actuaci\u00f3n para el personal de ambas fuerzas de seguridad implicado en hechos de violencia, ya sea como causantes o v\u00edctimas, el cual hace un abordaje, evaluaci\u00f3n y tratamiento del personal policial y penitenciario en situaciones de violencia de cualquier \u00edndole<\/p>\n\n\n\n<p>En una reuni\u00f3n, encabezada por el ministro de Seguridad, Eugenio Ag\u00fcero Gamboa; se llev\u00f3 a cabo este viernes, el funcionamiento operativo del protocolo de violencia para educandos de los Institutos de Ense\u00f1anza Superior (IES) General San Mart\u00edn y Nuestra Se\u00f1ora del Carmen.<\/p>\n\n\n\n<p><strong>En la reuni\u00f3n estuvieron acompa\u00f1ando al titular de la Cartera, el secretario de Seguridad, Gustavo Vizcarra; la subsecretaria de Coordinaci\u00f3n, Comunicaci\u00f3n y Nuevas Tecnolog\u00edas, Gladys Carpio Valero; el subsecretario del Servicio Penitenciario, Sebasti\u00e1n Tula Rizo; la directora de Control de Gesti\u00f3n, Emilia Tarifa; jefe y subjefe de Polic\u00eda, comisarios generales Joaqu\u00edn Girvau y Roque Y\u00f1igo, respectivamente; director y subdirector General del Servicio Penitenciario de Tucum\u00e1n, Antonio Quinteros y Diego Leal, autoridades de cada establecimiento y equipos interdisciplinarios.<\/strong><\/p>\n\n\n\n<p>En este marco, el ministro se\u00f1al\u00f3: \u201cHoy nos reunimos con personal del Servicio Penitenciario, de la Polic\u00eda de Tucum\u00e1n y los equipos interdisciplinarios de cada uno, incluyendo las escuelas de cada fuerza. En esta reuni\u00f3n se puso en funci\u00f3n un protocolo de violencia que el Ministerio de Seguridad viene trabajando desde hace un a\u00f1o, el cual ser\u00e1 aplicado en las escuelas por los equipos interdisciplinarios. La diferencia que tenemos es que, antes los protocolos y lo que se ense\u00f1aba se lo hac\u00eda cuando los efectivos ya estaban en funciones mientras que ahora ser\u00e1 impartido en cada Instituto de Ense\u00f1anza Superior\u201d.<\/p>\n\n\n\n<p>De acuerdo a lo establecido en este protocolo, Ag\u00fcero Gamboa asegur\u00f3 que: \u201cEsto se trata de un cambio de paradigma que busca proteger a los estudiantes ya sean como v\u00edctimas o victimarios, darles herramientas para reaccionar, denunciar o intervenir en situaciones de violencia tanto en el seno familiar, personal o prestando servicio para la comunidad\u201d, detall\u00f3<\/p>\n\n\n\n<p>En este sentido, el ministro de Seguridad afirm\u00f3 que este trabajo sigue el lineamiento del gobernador Osvaldo Jaldo que consiste en \u201cCuidar a quienes nos cuidan\u201d por eso este protocolo marca pautas de trabajo los cuales deber\u00e1n seguir cada uno de los estudiantes en su formaci\u00f3n.<\/p>\n\n\n\n<p>Finalmente, el funcionario aclar\u00f3 que esta norma \u201cNo solo atiende a la v\u00edctima, sino que tampoco a\u00edsla al victimario, es decir que se ocupa de \u00e9l, por eso se siguen pautas de trabajo para realizar este seguimiento y ayudarlo como tambi\u00e9n para ayudar a las v\u00edctimas\u201d, cerr\u00f3.<\/p>\n\n\n\n<p><\/p>\n","protected":false},"excerpt":{"rendered":"<p>Se trata de un instructivo de actuaci\u00f3n para el personal de ambas fuerzas de seguridad&#8230;<\/p>\n","protected":false},"author":2,"featured_media":0,"comment_status":"open","ping_status":"open","sticky":false,"template":"","format":"standard","meta":{"footnotes":""},"categories":[2],"tags":[],"class_list":["post-45552","post","type-post","status-publish","format-standard","hentry","category-locales"],"_links":{"self":[{"href":"https:\/\/masquenoticiastucuman.com.ar\/index.php?rest_route=\/wp\/v2\/posts\/45552","targetHints":{"allow":["GET"]}}],"collection":[{"href":"https:\/\/masquenoticiastucuman.com.ar\/index.php?rest_route=\/wp\/v2\/posts"}],"about":[{"href":"https:\/\/masquenoticiastucuman.com.ar\/index.php?rest_route=\/wp\/v2\/types\/post"}],"author":[{"embeddable":true,"href":"https:\/\/masquenoticiastucuman.com.ar\/index.php?rest_route=\/wp\/v2\/users\/2"}],"replies":[{"embeddable":true,"href":"https:\/\/masquenoticiastucuman.com.ar\/index.php?rest_route=%2Fwp%2Fv2%2Fcomments&post=45552"}],"version-history":[{"count":1,"href":"https:\/\/masquenoticiastucuman.com.ar\/index.php?rest_route=\/wp\/v2\/posts\/45552\/revisions"}],"predecessor-version":[{"id":45554,"href":"https:\/\/masquenoticiastucuman.com.ar\/index.php?rest_route=\/wp\/v2\/posts\/45552\/revisions\/45554"}],"wp:attachment":[{"href":"https:\/\/masquenoticiastucuman.com.ar\/index.php?rest_route=%2Fwp%2Fv2%2Fmedia&parent=45552"}],"wp:term":[{"taxonomy":"category","embeddable":true,"href":"https:\/\/masquenoticiastucuman.com.ar\/index.php?rest_route=%2Fwp%2Fv2%2Fcategories&post=45552"},{"taxonomy":"post_tag","embeddable":true,"href":"https:\/\/masquenoticiastucuman.com.ar\/index.php?rest_route=%2Fwp%2Fv2%2Ftags&post=45552"}],"curies":[{"name":"wp","href":"https:\/\/api.w.org\/{rel}","templated":true}]}}