{"id":45571,"date":"2025-09-12T17:01:04","date_gmt":"2025-09-12T20:01:04","guid":{"rendered":"http:\/\/masquenoticiastucuman.com.ar\/?p=45571"},"modified":"2025-09-12T17:01:04","modified_gmt":"2025-09-12T20:01:04","slug":"copa-davis-etcheverry-y-cerundolo-dibujaron-un-viernes-perfecto-para-que-argentina-le-gane-a-paises-bajos-2-0-y-suene-en-grande","status":"publish","type":"post","link":"https:\/\/masquenoticiastucuman.com.ar\/?p=45571","title":{"rendered":"Copa Davis: Etcheverry y Cer\u00fandolo dibujaron un viernes perfecto para que Argentina le gane a Pa\u00edses Bajos 2-0 y sue\u00f1e en grande"},"content":{"rendered":"<ul>\n<li>El equipo que capitanea Javier Frana comenz\u00f3 con todo la serie en Groningen.<\/li>\n<li>Fueron dos triunfos trabajados y con momentos en los que el car\u00e1cter fue fundamental.<\/li>\n<li>La acci\u00f3n contin\u00faa este s\u00e1bado con el partido de dobles y los \u00faltimos dos singles.<\/li>\n<\/ul>","protected":false},"excerpt":{"rendered":"<p>El equipo que capitanea Javier Frana comenz\u00f3 con todo la serie en Groningen. Fueron dos&#8230;<\/p>\n","protected":false},"author":1,"featured_media":0,"comment_status":"open","ping_status":"open","sticky":false,"template":"","format":"standard","meta":{"footnotes":""},"categories":[6],"tags":[],"class_list":["post-45571","post","type-post","status-publish","format-standard","hentry","category-deportes"],"_links":{"self":[{"href":"https:\/\/masquenoticiastucuman.com.ar\/index.php?rest_route=\/wp\/v2\/posts\/45571","targetHints":{"allow":["GET"]}}],"collection":[{"href":"https:\/\/masquenoticiastucuman.com.ar\/index.php?rest_route=\/wp\/v2\/posts"}],"about":[{"href":"https:\/\/masquenoticiastucuman.com.ar\/index.php?rest_route=\/wp\/v2\/types\/post"}],"author":[{"embeddable":true,"href":"https:\/\/masquenoticiastucuman.com.ar\/index.php?rest_route=\/wp\/v2\/users\/1"}],"replies":[{"embeddable":true,"href":"https:\/\/masquenoticiastucuman.com.ar\/index.php?rest_route=%2Fwp%2Fv2%2Fcomments&post=45571"}],"version-history":[{"count":0,"href":"https:\/\/masquenoticiastucuman.com.ar\/index.php?rest_route=\/wp\/v2\/posts\/45571\/revisions"}],"wp:attachment":[{"href":"https:\/\/masquenoticiastucuman.com.ar\/index.php?rest_route=%2Fwp%2Fv2%2Fmedia&parent=45571"}],"wp:term":[{"taxonomy":"category","embeddable":true,"href":"https:\/\/masquenoticiastucuman.com.ar\/index.php?rest_route=%2Fwp%2Fv2%2Fcategories&post=45571"},{"taxonomy":"post_tag","embeddable":true,"href":"https:\/\/masquenoticiastucuman.com.ar\/index.php?rest_route=%2Fwp%2Fv2%2Ftags&post=45571"}],"curies":[{"name":"wp","href":"https:\/\/api.w.org\/{rel}","templated":true}]}}