{"id":45573,"date":"2025-09-12T17:01:05","date_gmt":"2025-09-12T20:01:05","guid":{"rendered":"http:\/\/masquenoticiastucuman.com.ar\/?p=45573"},"modified":"2025-09-12T17:01:05","modified_gmt":"2025-09-12T20:01:05","slug":"asi-sera-mirar-television-en-el-mundial-del-2026-pantallas-mas-inteligentes-ultra-delgadas-y-sustentables","status":"publish","type":"post","link":"https:\/\/masquenoticiastucuman.com.ar\/?p=45573","title":{"rendered":"As\u00ed ser\u00e1 mirar televisi\u00f3n en el Mundial del 2026: pantallas m\u00e1s inteligentes, ultra-delgadas y sustentables"},"content":{"rendered":"<ul>\n<li>La feria tecnol\u00f3gica IFA de Berl\u00edn volvi\u00f3 a ser escenario de la batalla por la innovaci\u00f3n en televisores.<\/li>\n<li>Qu\u00e9 presentaron TCL, Samsung y Hisense.<\/li>\n<\/ul>","protected":false},"excerpt":{"rendered":"<p>La feria tecnol\u00f3gica IFA de Berl\u00edn volvi\u00f3 a ser escenario de la batalla por la&#8230;<\/p>\n","protected":false},"author":1,"featured_media":0,"comment_status":"open","ping_status":"open","sticky":false,"template":"","format":"standard","meta":{"footnotes":""},"categories":[8],"tags":[],"class_list":["post-45573","post","type-post","status-publish","format-standard","hentry","category-tecnologia"],"_links":{"self":[{"href":"https:\/\/masquenoticiastucuman.com.ar\/index.php?rest_route=\/wp\/v2\/posts\/45573","targetHints":{"allow":["GET"]}}],"collection":[{"href":"https:\/\/masquenoticiastucuman.com.ar\/index.php?rest_route=\/wp\/v2\/posts"}],"about":[{"href":"https:\/\/masquenoticiastucuman.com.ar\/index.php?rest_route=\/wp\/v2\/types\/post"}],"author":[{"embeddable":true,"href":"https:\/\/masquenoticiastucuman.com.ar\/index.php?rest_route=\/wp\/v2\/users\/1"}],"replies":[{"embeddable":true,"href":"https:\/\/masquenoticiastucuman.com.ar\/index.php?rest_route=%2Fwp%2Fv2%2Fcomments&post=45573"}],"version-history":[{"count":0,"href":"https:\/\/masquenoticiastucuman.com.ar\/index.php?rest_route=\/wp\/v2\/posts\/45573\/revisions"}],"wp:attachment":[{"href":"https:\/\/masquenoticiastucuman.com.ar\/index.php?rest_route=%2Fwp%2Fv2%2Fmedia&parent=45573"}],"wp:term":[{"taxonomy":"category","embeddable":true,"href":"https:\/\/masquenoticiastucuman.com.ar\/index.php?rest_route=%2Fwp%2Fv2%2Fcategories&post=45573"},{"taxonomy":"post_tag","embeddable":true,"href":"https:\/\/masquenoticiastucuman.com.ar\/index.php?rest_route=%2Fwp%2Fv2%2Ftags&post=45573"}],"curies":[{"name":"wp","href":"https:\/\/api.w.org\/{rel}","templated":true}]}}