{"id":45624,"date":"2025-09-13T08:01:05","date_gmt":"2025-09-13T11:01:05","guid":{"rendered":"http:\/\/masquenoticiastucuman.com.ar\/?p=45624"},"modified":"2025-09-13T08:01:05","modified_gmt":"2025-09-13T11:01:05","slug":"nicolas-alvarez-el-primer-futbolista-varon-trans-cuenta-por-que-tuvo-que-cambiar-su-dni-para-poder-jugar-en-el-femenino-de-velez-un-plastico-no-me-va-a-decir-quien-soy","status":"publish","type":"post","link":"https:\/\/masquenoticiastucuman.com.ar\/?p=45624","title":{"rendered":"Nicol\u00e1s Alvarez, el primer futbolista var\u00f3n trans cuenta por qu\u00e9 tuvo que cambiar su DNI para poder jugar en el femenino de V\u00e9lez: &#8220;Un pl\u00e1stico no me va a decir qui\u00e9n soy&#8221;"},"content":{"rendered":"<ul>\n<li>Estuvo entren\u00e1ndose entre julio de 2024 y agosto de este a\u00f1o, pero sin poder jugar desde que cambi\u00f3 la M por la F en su documento.<\/li>\n<li>&#8220;En los registros de AFA sigo apareciendo con mi identidad anterior, as\u00ed que la idea es pedir que se modifique al menos el nombre&#8221;, reclama.<\/li>\n<\/ul>","protected":false},"excerpt":{"rendered":"<p>Estuvo entren\u00e1ndose entre julio de 2024 y agosto de este a\u00f1o, pero sin poder jugar&#8230;<\/p>\n","protected":false},"author":1,"featured_media":0,"comment_status":"open","ping_status":"open","sticky":false,"template":"","format":"standard","meta":{"footnotes":""},"categories":[6],"tags":[],"class_list":["post-45624","post","type-post","status-publish","format-standard","hentry","category-deportes"],"_links":{"self":[{"href":"https:\/\/masquenoticiastucuman.com.ar\/index.php?rest_route=\/wp\/v2\/posts\/45624","targetHints":{"allow":["GET"]}}],"collection":[{"href":"https:\/\/masquenoticiastucuman.com.ar\/index.php?rest_route=\/wp\/v2\/posts"}],"about":[{"href":"https:\/\/masquenoticiastucuman.com.ar\/index.php?rest_route=\/wp\/v2\/types\/post"}],"author":[{"embeddable":true,"href":"https:\/\/masquenoticiastucuman.com.ar\/index.php?rest_route=\/wp\/v2\/users\/1"}],"replies":[{"embeddable":true,"href":"https:\/\/masquenoticiastucuman.com.ar\/index.php?rest_route=%2Fwp%2Fv2%2Fcomments&post=45624"}],"version-history":[{"count":0,"href":"https:\/\/masquenoticiastucuman.com.ar\/index.php?rest_route=\/wp\/v2\/posts\/45624\/revisions"}],"wp:attachment":[{"href":"https:\/\/masquenoticiastucuman.com.ar\/index.php?rest_route=%2Fwp%2Fv2%2Fmedia&parent=45624"}],"wp:term":[{"taxonomy":"category","embeddable":true,"href":"https:\/\/masquenoticiastucuman.com.ar\/index.php?rest_route=%2Fwp%2Fv2%2Fcategories&post=45624"},{"taxonomy":"post_tag","embeddable":true,"href":"https:\/\/masquenoticiastucuman.com.ar\/index.php?rest_route=%2Fwp%2Fv2%2Ftags&post=45624"}],"curies":[{"name":"wp","href":"https:\/\/api.w.org\/{rel}","templated":true}]}}