{"id":45630,"date":"2025-09-13T11:00:16","date_gmt":"2025-09-13T14:00:16","guid":{"rendered":"https:\/\/masquenoticiastucuman.com.ar\/?p=45630"},"modified":"2025-09-13T11:00:16","modified_gmt":"2025-09-13T14:00:16","slug":"tucuman-avanza-en-conectividad-infraestructura-y-promocion-turistica","status":"publish","type":"post","link":"https:\/\/masquenoticiastucuman.com.ar\/?p=45630","title":{"rendered":"Tucum\u00e1n avanza en conectividad, infraestructura y promoci\u00f3n tur\u00edstica"},"content":{"rendered":"\n<p>La reuni\u00f3n puso en agenda temas clave para el presente y futuro del turismo en la provincia.<\/p>\n\n\n\n<p id=\"isPasted\">El presidente del Ente Tucum\u00e1n Turismo,<strong>&nbsp;Domingo Amaya<\/strong>, junto a la vicepresidenta&nbsp;<strong>In\u00e9s Fr\u00edas Silva&nbsp;<\/strong>y el titular de la C\u00e1mara de Turismo de Tucum\u00e1n,&nbsp;<strong>H\u00e9ctor Vi\u00f1uales,<\/strong>&nbsp;mantuvieron un encuentro de trabajo con el ministro de Econom\u00eda de la provincia,&nbsp;<strong>Daniel Abad<\/strong>, con el objetivo coordinar acciones estrat\u00e9gicas que consolidan el crecimiento del sector.<\/p>\n\n\n\n<p>La reuni\u00f3n puso en agenda temas clave para el presente y futuro del turismo en la provincia. En primer lugar, se abord\u00f3 la llegada del primer vuelo de Copa Airlines en la ruta Tucum\u00e1n-Panam\u00e1, previsto para el 24 de septiembre. Este hito recupera la conectividad internacional del aeropuerto Benjam\u00edn Matienzo, una meta largamente esperada que potenciar\u00e1 la llegada de visitantes de la regi\u00f3n y el continente.<\/p>\n\n\n\n<p>En el encuentro tambi\u00e9n se realiz\u00f3 un balance de la participaci\u00f3n de Tucum\u00e1n en las principales ferias de turismo de 2025, un trabajo sostenido que permiti\u00f3 difundir la oferta local en los m\u00e1s destacados escenarios nacionales e internacionales.<\/p>\n\n\n\n<p>Otro eje tratado fue el proyecto de remodelaci\u00f3n de la Sociedad Rural de Tucum\u00e1n, que busca transformar sus instalaciones en un centro de convenciones de primer nivel, \u00fanico en el norte argentino, con el potencial de posicionar a la provincia como referente del turismo de reuniones en la regi\u00f3n.<\/p>\n\n\n\n<p>Asimismo, se destac\u00f3 la inversi\u00f3n del Gobierno provincial en obras de infraestructura tur\u00edstica distribuidas en los Valles Calchaqu\u00edes y en distintos municipios y comunas, destinadas a fortalecer la capacidad de recepci\u00f3n y mejorar la experiencia de los visitantes.<\/p>\n\n\n\n<p>Finalmente, se evaluaron las campa\u00f1as de promoci\u00f3n tur\u00edstica que Tucum\u00e1n lleva adelante en todo el pa\u00eds, tanto en medios de comunicaci\u00f3n como en plataformas digitales, con el objetivo de consolidar la provincia como destino atractivo durante todo el a\u00f1o.<\/p>\n","protected":false},"excerpt":{"rendered":"<p>La reuni\u00f3n puso en agenda temas clave para el presente y futuro del turismo en&#8230;<\/p>\n","protected":false},"author":2,"featured_media":0,"comment_status":"open","ping_status":"open","sticky":false,"template":"","format":"standard","meta":{"footnotes":""},"categories":[2],"tags":[],"class_list":["post-45630","post","type-post","status-publish","format-standard","hentry","category-locales"],"_links":{"self":[{"href":"https:\/\/masquenoticiastucuman.com.ar\/index.php?rest_route=\/wp\/v2\/posts\/45630","targetHints":{"allow":["GET"]}}],"collection":[{"href":"https:\/\/masquenoticiastucuman.com.ar\/index.php?rest_route=\/wp\/v2\/posts"}],"about":[{"href":"https:\/\/masquenoticiastucuman.com.ar\/index.php?rest_route=\/wp\/v2\/types\/post"}],"author":[{"embeddable":true,"href":"https:\/\/masquenoticiastucuman.com.ar\/index.php?rest_route=\/wp\/v2\/users\/2"}],"replies":[{"embeddable":true,"href":"https:\/\/masquenoticiastucuman.com.ar\/index.php?rest_route=%2Fwp%2Fv2%2Fcomments&post=45630"}],"version-history":[{"count":1,"href":"https:\/\/masquenoticiastucuman.com.ar\/index.php?rest_route=\/wp\/v2\/posts\/45630\/revisions"}],"predecessor-version":[{"id":45632,"href":"https:\/\/masquenoticiastucuman.com.ar\/index.php?rest_route=\/wp\/v2\/posts\/45630\/revisions\/45632"}],"wp:attachment":[{"href":"https:\/\/masquenoticiastucuman.com.ar\/index.php?rest_route=%2Fwp%2Fv2%2Fmedia&parent=45630"}],"wp:term":[{"taxonomy":"category","embeddable":true,"href":"https:\/\/masquenoticiastucuman.com.ar\/index.php?rest_route=%2Fwp%2Fv2%2Fcategories&post=45630"},{"taxonomy":"post_tag","embeddable":true,"href":"https:\/\/masquenoticiastucuman.com.ar\/index.php?rest_route=%2Fwp%2Fv2%2Ftags&post=45630"}],"curies":[{"name":"wp","href":"https:\/\/api.w.org\/{rel}","templated":true}]}}