{"id":45633,"date":"2025-09-13T11:04:31","date_gmt":"2025-09-13T14:04:31","guid":{"rendered":"https:\/\/masquenoticiastucuman.com.ar\/?p=45633"},"modified":"2025-09-13T11:07:09","modified_gmt":"2025-09-13T14:07:09","slug":"jaldo-encabezo-la-inauguracion-de-la-60a-expo-agro-ganadera","status":"publish","type":"post","link":"https:\/\/masquenoticiastucuman.com.ar\/?p=45633","title":{"rendered":"Jaldo encabez\u00f3 la inauguraci\u00f3n de la 60\u00aa Expo Agro Ganadera"},"content":{"rendered":"\n<p>Autoridades provinciales, municipales y del Gobierno nacional acompa\u00f1an el inicio de la muestra agroindustrial m\u00e1s importante del NOA. El mandatario destac\u00f3 el esfuerzo del sector productivo y el valor del di\u00e1logo institucional en un contexto econ\u00f3mico complejo.<\/p>\n\n\n\n<p id=\"isPasted\">El gobernador\u00a0<strong>Osvaldo Jaldo<\/strong>\u00a0encabez\u00f3 anoche el acto oficial de apertura de la 60\u00aa edici\u00f3n de la Expo Agroganadera, que se desarrolla en la Sociedad Rural de Tucum\u00e1n. Jaldo estuvo acompa\u00f1ado por su esposa,\u00a0<strong>Ana Mar\u00eda Grillo<\/strong>, y fue recibido por el presidente de la SRT,\u00a0<strong>Jos\u00e9 Fr\u00edas Silva (h)<\/strong>; el ministro del Interior de la Naci\u00f3n,\u00a0<strong>Lisandro Catal\u00e1n<\/strong>; y el ministro de Desregulaci\u00f3n y Transformaci\u00f3n del Estado,\u00a0<strong>Federico Sturzenegger<\/strong>.<\/p>\n\n\n\n<p>Participaron tambi\u00e9n los ministros provinciales&nbsp;<strong>Daniel Abad<\/strong>&nbsp;(Econom\u00eda),&nbsp;<strong>Luis Medina Ruiz<\/strong>&nbsp;(Salud P\u00fablica),<strong>&nbsp;Susana Montaldo<\/strong>&nbsp;(Educaci\u00f3n),&nbsp;<strong>Federico Nazur<\/strong>&nbsp;(Secretario General de la Gobernaci\u00f3n) y&nbsp;<strong>Eugenio Ag\u00fcero Gamboa<\/strong>&nbsp;(Seguridad); el secretario de Producci\u00f3n,&nbsp;<strong>Eduardo Castro<\/strong>; el presidente del Ente Tucum\u00e1n Turismo,&nbsp;<strong>Domingo Amaya<\/strong>; y el titular del Ente Cultural,&nbsp;<strong>Humberto Salazar<\/strong>. Entre los presentes se destacaron adem\u00e1s los intendentes&nbsp;<strong>Rossana Chahla<\/strong>&nbsp;(San Miguel de Tucum\u00e1n),&nbsp;<strong>Alejandro Molinuevo<\/strong>&nbsp;(Concepci\u00f3n) y&nbsp;<strong>Pablo Macchiarola&nbsp;<\/strong>(Yerba Buena); el diputado&nbsp;<strong>Gerardo Huesen<\/strong>; el presidente de la Federaci\u00f3n Econ\u00f3mica de Tucum\u00e1n (FET),&nbsp;<strong>H\u00e9ctor Vi\u00f1uales<\/strong>; y el presidente de la Uni\u00f3n Industrial de Tucum\u00e1n,&nbsp;<strong>Jorge Rocchia Ferro<\/strong>.<\/p>\n\n\n\n<p id=\"isPasted\">Jaldo subray\u00f3 el valor de la muestra en un escenario econ\u00f3mico desafiante: \u201cAcompa\u00f1amos a esta gran instituci\u00f3n que nuclea al sector agropecuario en estos sesenta a\u00f1os de exposici\u00f3n, que muestran el potencial productivo e industrial de Tucum\u00e1n y del norte argentino. A\u00fan en momentos dif\u00edciles, este tipo de eventos es fundamental para que los productores no se sientan solos, para levantar el \u00e1nimo y demostrar que el interior tiene fuerza\u201d, destac\u00f3 el mandatario.<\/p>\n\n\n\n<p>\u201cLa presencia del Gobierno nacional, representada por ministros de alto rango, y de las autoridades provinciales y municipales, es una se\u00f1al de unidad. Siempre digo que a la Argentina la sacamos entre todos. El di\u00e1logo institucional est\u00e1 intacto y vamos a hacer todos los esfuerzos para que se mantenga\u201d, remarc\u00f3.<\/p>\n\n\n\n<p>El ministro del Interior, Lisandro Catal\u00e1n, celebr\u00f3 el encuentro como un ejemplo de madurez pol\u00edtica: \u201cSesenta a\u00f1os de la Sociedad Rural de Tucum\u00e1n y de esta Expo Agroganadera son un orgullo. Compartir con el gobernador, intendentes y distintos espacios pol\u00edticos refleja madurez institucional. Vamos a seguir dialogando para que el cambio y el nuevo rumbo de progreso que inici\u00f3 el pa\u00eds se consoliden\u201d, afirm\u00f3.<\/p>\n\n\n\n<p>El ministro de Econom\u00eda provincial, Daniel Abad, fue quien realiz\u00f3 el discurso oficial, durante el acto, en representaci\u00f3n del gobierno, en este sentido valor\u00f3 el compromiso del Ejecutivo con el sector privado: \u201cEsta Expo lidera en la provincia y vinimos a contar qu\u00e9 estamos haciendo como gobierno, acompa\u00f1ando siempre al sector productivo. Trabajamos para que el sector privado, que es el que genera empleo, pueda desarrollarse. El di\u00e1logo con la Naci\u00f3n nos permiti\u00f3 avanzar en obras que sin ese acompa\u00f1amiento no hubi\u00e9ramos financiado. Esperamos que para la edici\u00f3n 61 hayamos avanzado mucho m\u00e1s\u201d, se\u00f1al\u00f3.&nbsp;<\/p>\n\n\n\n<p>El presidente de la Sociedad Rural de Tucum\u00e1n, Jos\u00e9 Fr\u00edas Silva, expres\u00f3 su orgullo y la relevancia social del evento: \u201cEs un lujo contar hoy con dos ministros de la Naci\u00f3n y con el gobernador en momentos tan dif\u00edciles. Esta Expo Agroganadera busca darle a la sociedad productiva un momento de respiro. La matriz econ\u00f3mica de Tucum\u00e1n est\u00e1 atravesando un escenario muy complejo, por eso decidimos generar este espacio para que la familia pueda distenderse y compartir\u201d, sostuvo.<\/p>\n","protected":false},"excerpt":{"rendered":"<p>Autoridades provinciales, municipales y del Gobierno nacional acompa\u00f1an el inicio de la muestra agroindustrial m\u00e1s&#8230;<\/p>\n","protected":false},"author":2,"featured_media":0,"comment_status":"open","ping_status":"open","sticky":false,"template":"","format":"standard","meta":{"footnotes":""},"categories":[2],"tags":[],"class_list":["post-45633","post","type-post","status-publish","format-standard","hentry","category-locales"],"_links":{"self":[{"href":"https:\/\/masquenoticiastucuman.com.ar\/index.php?rest_route=\/wp\/v2\/posts\/45633","targetHints":{"allow":["GET"]}}],"collection":[{"href":"https:\/\/masquenoticiastucuman.com.ar\/index.php?rest_route=\/wp\/v2\/posts"}],"about":[{"href":"https:\/\/masquenoticiastucuman.com.ar\/index.php?rest_route=\/wp\/v2\/types\/post"}],"author":[{"embeddable":true,"href":"https:\/\/masquenoticiastucuman.com.ar\/index.php?rest_route=\/wp\/v2\/users\/2"}],"replies":[{"embeddable":true,"href":"https:\/\/masquenoticiastucuman.com.ar\/index.php?rest_route=%2Fwp%2Fv2%2Fcomments&post=45633"}],"version-history":[{"count":2,"href":"https:\/\/masquenoticiastucuman.com.ar\/index.php?rest_route=\/wp\/v2\/posts\/45633\/revisions"}],"predecessor-version":[{"id":45636,"href":"https:\/\/masquenoticiastucuman.com.ar\/index.php?rest_route=\/wp\/v2\/posts\/45633\/revisions\/45636"}],"wp:attachment":[{"href":"https:\/\/masquenoticiastucuman.com.ar\/index.php?rest_route=%2Fwp%2Fv2%2Fmedia&parent=45633"}],"wp:term":[{"taxonomy":"category","embeddable":true,"href":"https:\/\/masquenoticiastucuman.com.ar\/index.php?rest_route=%2Fwp%2Fv2%2Fcategories&post=45633"},{"taxonomy":"post_tag","embeddable":true,"href":"https:\/\/masquenoticiastucuman.com.ar\/index.php?rest_route=%2Fwp%2Fv2%2Ftags&post=45633"}],"curies":[{"name":"wp","href":"https:\/\/api.w.org\/{rel}","templated":true}]}}