{"id":45637,"date":"2025-09-13T11:18:49","date_gmt":"2025-09-13T14:18:49","guid":{"rendered":"https:\/\/masquenoticiastucuman.com.ar\/?p=45637"},"modified":"2025-09-13T11:18:49","modified_gmt":"2025-09-13T14:18:49","slug":"impulsan-la-concientizacion-vial-en-la-expo-rural-tucuman-2025","status":"publish","type":"post","link":"https:\/\/masquenoticiastucuman.com.ar\/?p=45637","title":{"rendered":"Impulsan la concientizaci\u00f3n vial en la Expo Rural Tucum\u00e1n 2025"},"content":{"rendered":"\n<p>Obras, Infraestructura y Transporte P\u00fablico trabaja con capacitaci\u00f3n y juegos sobre concientizaci\u00f3n vial.<\/p>\n\n\n\n<p id=\"isPasted\">En el marco de la Expo Rural Tucum\u00e1n 2025, la Secretar\u00eda de Transporte y Seguridad Vial, dependiente del Ministerio de Obras, Infraestructura y Transporte P\u00fablico, participa con un stand destinado a la prevenci\u00f3n y concientizaci\u00f3n vial, reforzando el compromiso del Gobierno provincial con la seguridad de los tucumanos.<\/p>\n\n\n\n<p>Durante las jornadas del evento, el equipo de la Secretar\u00eda, junto a la Polic\u00eda Vial, desarrolla actividades educativas y recreativas. Entre ellas se destacan la entrega de folletos informativos, juegos de preguntas sobre se\u00f1ales de tr\u00e1nsito, materiales did\u00e1cticos para ni\u00f1os (rompecabezas y l\u00e1minas para colorear) y el sorteo de dos cascos diarios como incentivo para fomentar el uso de elementos de protecci\u00f3n en motociclistas.<\/p>\n\n\n\n<figure class=\"wp-block-image size-large\"><img decoding=\"async\" src=\"https:\/\/masquenoticiastucuman.com.ar\/wp-content\/uploads\/2025\/09\/250912115802_80443-1024x682.jpeg\" alt=\"\" class=\"wp-image-45638\" \/><\/figure>\n\n\n\n<p>El ministro&nbsp;<strong>Marcelo Nazur<\/strong>&nbsp;se\u00f1al\u00f3: \u201cEl Estado tiene la obligaci\u00f3n de estar presente en cada espacio donde podamos cuidar la vida. Por instrucciones del Gobernador, seguiremos fomentando estas acciones que brinden herramientas de prevenci\u00f3n a los vecinos. Esta es una pol\u00edtica clave para salvar vidas, concientizando y realizando controles con el fin de cuidar a los tucumanos\u201d.<\/p>\n\n\n\n<p>En tanto, el Secretario de Transporte&nbsp;<strong>Vicente Nicastro<\/strong>, celebr\u00f3 estas acciones en eventos masivos, donde esperan capacitar a miles de tucumanos durante cada jornada. \u201cNuestros equipos los esperan en el stand, para dialogar y aprender sobre las precauciones a la hora de salir a la ruta\u201d.<\/p>\n\n\n\n<p>Con estas iniciativas, el Gobierno de Tucum\u00e1n reafirma su compromiso con la seguridad vial, la educaci\u00f3n ciudadana y la protecci\u00f3n de la vida, acercando a la comunidad herramientas para una convivencia m\u00e1s segura en las calles y rutas de la provincia.<\/p>\n","protected":false},"excerpt":{"rendered":"<p>Obras, Infraestructura y Transporte P\u00fablico trabaja con capacitaci\u00f3n y juegos sobre concientizaci\u00f3n vial. En el&#8230;<\/p>\n","protected":false},"author":2,"featured_media":0,"comment_status":"open","ping_status":"open","sticky":false,"template":"","format":"standard","meta":{"footnotes":""},"categories":[2],"tags":[],"class_list":["post-45637","post","type-post","status-publish","format-standard","hentry","category-locales"],"_links":{"self":[{"href":"https:\/\/masquenoticiastucuman.com.ar\/index.php?rest_route=\/wp\/v2\/posts\/45637","targetHints":{"allow":["GET"]}}],"collection":[{"href":"https:\/\/masquenoticiastucuman.com.ar\/index.php?rest_route=\/wp\/v2\/posts"}],"about":[{"href":"https:\/\/masquenoticiastucuman.com.ar\/index.php?rest_route=\/wp\/v2\/types\/post"}],"author":[{"embeddable":true,"href":"https:\/\/masquenoticiastucuman.com.ar\/index.php?rest_route=\/wp\/v2\/users\/2"}],"replies":[{"embeddable":true,"href":"https:\/\/masquenoticiastucuman.com.ar\/index.php?rest_route=%2Fwp%2Fv2%2Fcomments&post=45637"}],"version-history":[{"count":1,"href":"https:\/\/masquenoticiastucuman.com.ar\/index.php?rest_route=\/wp\/v2\/posts\/45637\/revisions"}],"predecessor-version":[{"id":45640,"href":"https:\/\/masquenoticiastucuman.com.ar\/index.php?rest_route=\/wp\/v2\/posts\/45637\/revisions\/45640"}],"wp:attachment":[{"href":"https:\/\/masquenoticiastucuman.com.ar\/index.php?rest_route=%2Fwp%2Fv2%2Fmedia&parent=45637"}],"wp:term":[{"taxonomy":"category","embeddable":true,"href":"https:\/\/masquenoticiastucuman.com.ar\/index.php?rest_route=%2Fwp%2Fv2%2Fcategories&post=45637"},{"taxonomy":"post_tag","embeddable":true,"href":"https:\/\/masquenoticiastucuman.com.ar\/index.php?rest_route=%2Fwp%2Fv2%2Ftags&post=45637"}],"curies":[{"name":"wp","href":"https:\/\/api.w.org\/{rel}","templated":true}]}}