{"id":45673,"date":"2025-09-13T21:01:03","date_gmt":"2025-09-14T00:01:03","guid":{"rendered":"http:\/\/masquenoticiastucuman.com.ar\/?p=45673"},"modified":"2025-09-13T21:01:03","modified_gmt":"2025-09-14T00:01:03","slug":"julio-vaccari-renuncio-como-dt-de-independiente-el-final-mas-triste-para-un-ciclo-que-paso-de-la-ilusion-a-una-crisis-total-y-ultimo-en-la-tabla","status":"publish","type":"post","link":"https:\/\/masquenoticiastucuman.com.ar\/?p=45673","title":{"rendered":"Julio Vaccari renunci\u00f3 como DT de Independiente: el final m\u00e1s triste para un ciclo que pas\u00f3 de la ilusi\u00f3n a una crisis total y \u00faltimo en la tabla"},"content":{"rendered":"<ul>\n<li>Fue la nota final de la dura derrota contra Banfield, en el regreso del equipo a Avellaneda.<\/li>\n<li>El equipo, que fue semifinalista el torneo pasado, marcha \u00faltimo en la tabla de la Zona B.<\/li>\n<li>El ex Defensa lleg\u00f3 al Rojo en junio de 2024 y dirigi\u00f3 al equipo en 62 ocasiones.<\/li>\n<\/ul>","protected":false},"excerpt":{"rendered":"<p>Fue la nota final de la dura derrota contra Banfield, en el regreso del equipo&#8230;<\/p>\n","protected":false},"author":1,"featured_media":0,"comment_status":"open","ping_status":"open","sticky":false,"template":"","format":"standard","meta":{"footnotes":""},"categories":[6],"tags":[],"class_list":["post-45673","post","type-post","status-publish","format-standard","hentry","category-deportes"],"_links":{"self":[{"href":"https:\/\/masquenoticiastucuman.com.ar\/index.php?rest_route=\/wp\/v2\/posts\/45673","targetHints":{"allow":["GET"]}}],"collection":[{"href":"https:\/\/masquenoticiastucuman.com.ar\/index.php?rest_route=\/wp\/v2\/posts"}],"about":[{"href":"https:\/\/masquenoticiastucuman.com.ar\/index.php?rest_route=\/wp\/v2\/types\/post"}],"author":[{"embeddable":true,"href":"https:\/\/masquenoticiastucuman.com.ar\/index.php?rest_route=\/wp\/v2\/users\/1"}],"replies":[{"embeddable":true,"href":"https:\/\/masquenoticiastucuman.com.ar\/index.php?rest_route=%2Fwp%2Fv2%2Fcomments&post=45673"}],"version-history":[{"count":0,"href":"https:\/\/masquenoticiastucuman.com.ar\/index.php?rest_route=\/wp\/v2\/posts\/45673\/revisions"}],"wp:attachment":[{"href":"https:\/\/masquenoticiastucuman.com.ar\/index.php?rest_route=%2Fwp%2Fv2%2Fmedia&parent=45673"}],"wp:term":[{"taxonomy":"category","embeddable":true,"href":"https:\/\/masquenoticiastucuman.com.ar\/index.php?rest_route=%2Fwp%2Fv2%2Fcategories&post=45673"},{"taxonomy":"post_tag","embeddable":true,"href":"https:\/\/masquenoticiastucuman.com.ar\/index.php?rest_route=%2Fwp%2Fv2%2Ftags&post=45673"}],"curies":[{"name":"wp","href":"https:\/\/api.w.org\/{rel}","templated":true}]}}