{"id":45691,"date":"2025-09-14T08:01:03","date_gmt":"2025-09-14T11:01:03","guid":{"rendered":"http:\/\/masquenoticiastucuman.com.ar\/?p=45691"},"modified":"2025-09-14T08:01:03","modified_gmt":"2025-09-14T11:01:03","slug":"alertan-por-deficiencias-de-zinc-que-afectan-al-trigo-y-la-cebada","status":"publish","type":"post","link":"https:\/\/masquenoticiastucuman.com.ar\/?p=45691","title":{"rendered":"Alertan por deficiencias de zinc que afectan al trigo y la cebada"},"content":{"rendered":"<ul>\n<li>Un relevamiento realizado por especialistas del INTA Balcarce, el Instituto de Innovaci\u00f3n para la Producci\u00f3n Agropecuaria y el Desarrollo Sostenible del Conicet y la Facultad de Ciencias Agrarias de Balcarce determin\u00f3 que el nivel de zinc en los suelos podr\u00eda limitar el rendimiento de los cultivos de trigo y cebada de la regi\u00f3n. Recomiendan realizar an\u00e1lisis preventivos del suelo.<\/li>\n<\/ul>","protected":false},"excerpt":{"rendered":"<p>Un relevamiento realizado por especialistas del INTA Balcarce, el Instituto de Innovaci\u00f3n para la Producci\u00f3n&#8230;<\/p>\n","protected":false},"author":1,"featured_media":0,"comment_status":"open","ping_status":"open","sticky":false,"template":"","format":"standard","meta":{"footnotes":""},"categories":[],"tags":[],"class_list":["post-45691","post","type-post","status-publish","format-standard","hentry"],"_links":{"self":[{"href":"https:\/\/masquenoticiastucuman.com.ar\/index.php?rest_route=\/wp\/v2\/posts\/45691","targetHints":{"allow":["GET"]}}],"collection":[{"href":"https:\/\/masquenoticiastucuman.com.ar\/index.php?rest_route=\/wp\/v2\/posts"}],"about":[{"href":"https:\/\/masquenoticiastucuman.com.ar\/index.php?rest_route=\/wp\/v2\/types\/post"}],"author":[{"embeddable":true,"href":"https:\/\/masquenoticiastucuman.com.ar\/index.php?rest_route=\/wp\/v2\/users\/1"}],"replies":[{"embeddable":true,"href":"https:\/\/masquenoticiastucuman.com.ar\/index.php?rest_route=%2Fwp%2Fv2%2Fcomments&post=45691"}],"version-history":[{"count":0,"href":"https:\/\/masquenoticiastucuman.com.ar\/index.php?rest_route=\/wp\/v2\/posts\/45691\/revisions"}],"wp:attachment":[{"href":"https:\/\/masquenoticiastucuman.com.ar\/index.php?rest_route=%2Fwp%2Fv2%2Fmedia&parent=45691"}],"wp:term":[{"taxonomy":"category","embeddable":true,"href":"https:\/\/masquenoticiastucuman.com.ar\/index.php?rest_route=%2Fwp%2Fv2%2Fcategories&post=45691"},{"taxonomy":"post_tag","embeddable":true,"href":"https:\/\/masquenoticiastucuman.com.ar\/index.php?rest_route=%2Fwp%2Fv2%2Ftags&post=45691"}],"curies":[{"name":"wp","href":"https:\/\/api.w.org\/{rel}","templated":true}]}}