{"id":45699,"date":"2025-09-14T09:53:31","date_gmt":"2025-09-14T12:53:31","guid":{"rendered":"https:\/\/masquenoticiastucuman.com.ar\/?p=45699"},"modified":"2025-09-14T09:53:32","modified_gmt":"2025-09-14T12:53:32","slug":"disparan-y-matan-a-un-joven-al-sur-de-la-capital","status":"publish","type":"post","link":"https:\/\/masquenoticiastucuman.com.ar\/?p=45699","title":{"rendered":"Disparan y matan a un joven al sur de la capital"},"content":{"rendered":"\n<p>La v\u00edctima fue identificada como Hern\u00e1n Facundo Gonz\u00e1lez, de 24 a\u00f1os, quien fue baleado por sujetos que se desplazaban en un autom\u00f3vil. Hay dos detenidos<\/p>\n\n\n\n<p>El caso es investigado por la Unidad Fiscal de Homicidios I, a cargo de Pedro Gallo. Se dispuso la intervenci\u00f3n del Equipo Cient\u00edfico de Investigaciones Fiscales (ECIF) y de la Divisi\u00f3n Homicidios.<\/p>\n\n\n\n<p>Seg\u00fan se pudo establecer, en la tarde del viernes 12 de septiembre, alrededor de las 18:00 horas, Hern\u00e1n Facundo Gonz\u00e1lez, de 24 a\u00f1os, se encontraba junto a un grupo de personas en la esquina de las calles Rondeau y Gorriti de San Miguel de Tucum\u00e1n, cuando se present\u00f3 un veh\u00edculo de color rojo desde el cual dispararon, hiriendo a Gonz\u00e1lez a la altura de la axila derecha, para luego escapar.<\/p>\n\n\n\n<figure class=\"wp-block-image size-large\"><img decoding=\"async\" src=\"https:\/\/masquenoticiastucuman.com.ar\/wp-content\/uploads\/2025\/09\/a70eec7e-8fe9-414a-a0ee-cab8438d3989-1024x576.jpg\" alt=\"\" class=\"wp-image-45700\" \/><\/figure>\n\n\n\n<p>La v\u00edctima fue trasladada hasta el hospital \u00c1ngel C. Padilla, donde fue operada de urgencia, falleciendo en las primeras horas de este s\u00e1bado 13 de septiembre.<\/p>\n\n\n\n<p>Posteriormente, se dispuso la realizaci\u00f3n de la autopsia correspondiente, extray\u00e9ndose del cuerpo del fallecido restos de proyectiles. Durante las pericias efectuadas en la escena del hecho se hall\u00f3 una vaina servida y manchas pardo rojizas.<\/p>\n\n\n\n<p>A partir de las averiguaciones llevadas a cabo se logr\u00f3 la detenci\u00f3n de dos sujetos. Tambi\u00e9n se secuestr\u00f3 el veh\u00edculo en el que se habr\u00edan movilizado los atacantes, el cual fue sometido a las pericias del caso en sede policial por parte de los expertos del ECIF<\/p>\n","protected":false},"excerpt":{"rendered":"<p>La v\u00edctima fue identificada como Hern\u00e1n Facundo Gonz\u00e1lez, de 24 a\u00f1os, quien fue baleado por&#8230;<\/p>\n","protected":false},"author":2,"featured_media":0,"comment_status":"open","ping_status":"open","sticky":false,"template":"","format":"standard","meta":{"footnotes":""},"categories":[2],"tags":[],"class_list":["post-45699","post","type-post","status-publish","format-standard","hentry","category-locales"],"_links":{"self":[{"href":"https:\/\/masquenoticiastucuman.com.ar\/index.php?rest_route=\/wp\/v2\/posts\/45699","targetHints":{"allow":["GET"]}}],"collection":[{"href":"https:\/\/masquenoticiastucuman.com.ar\/index.php?rest_route=\/wp\/v2\/posts"}],"about":[{"href":"https:\/\/masquenoticiastucuman.com.ar\/index.php?rest_route=\/wp\/v2\/types\/post"}],"author":[{"embeddable":true,"href":"https:\/\/masquenoticiastucuman.com.ar\/index.php?rest_route=\/wp\/v2\/users\/2"}],"replies":[{"embeddable":true,"href":"https:\/\/masquenoticiastucuman.com.ar\/index.php?rest_route=%2Fwp%2Fv2%2Fcomments&post=45699"}],"version-history":[{"count":1,"href":"https:\/\/masquenoticiastucuman.com.ar\/index.php?rest_route=\/wp\/v2\/posts\/45699\/revisions"}],"predecessor-version":[{"id":45702,"href":"https:\/\/masquenoticiastucuman.com.ar\/index.php?rest_route=\/wp\/v2\/posts\/45699\/revisions\/45702"}],"wp:attachment":[{"href":"https:\/\/masquenoticiastucuman.com.ar\/index.php?rest_route=%2Fwp%2Fv2%2Fmedia&parent=45699"}],"wp:term":[{"taxonomy":"category","embeddable":true,"href":"https:\/\/masquenoticiastucuman.com.ar\/index.php?rest_route=%2Fwp%2Fv2%2Fcategories&post=45699"},{"taxonomy":"post_tag","embeddable":true,"href":"https:\/\/masquenoticiastucuman.com.ar\/index.php?rest_route=%2Fwp%2Fv2%2Ftags&post=45699"}],"curies":[{"name":"wp","href":"https:\/\/api.w.org\/{rel}","templated":true}]}}