{"id":45715,"date":"2025-09-14T14:01:06","date_gmt":"2025-09-14T17:01:06","guid":{"rendered":"http:\/\/masquenoticiastucuman.com.ar\/?p=45715"},"modified":"2025-09-14T14:01:06","modified_gmt":"2025-09-14T17:01:06","slug":"independiente-busca-a-su-proximo-dt-la-primera-decision-del-presidente-grindetti-y-los-candidatos-sobre-la-mesa","status":"publish","type":"post","link":"https:\/\/masquenoticiastucuman.com.ar\/?p=45715","title":{"rendered":"Independiente busca a su pr\u00f3ximo DT: la primera decisi\u00f3n del presidente Grindetti y los candidatos sobre la mesa"},"content":{"rendered":"<ul>\n<li>Julio Vaccari renunci\u00f3 despu\u00e9s de la derrota como local ante Banfield.<\/li>\n<li>\u00bfQui\u00e9nes estar\u00e1n al frente del plantel en la pr\u00e1ctica de este lunes?.<\/li>\n<\/ul>","protected":false},"excerpt":{"rendered":"<p>Julio Vaccari renunci\u00f3 despu\u00e9s de la derrota como local ante Banfield. \u00bfQui\u00e9nes estar\u00e1n al frente&#8230;<\/p>\n","protected":false},"author":1,"featured_media":0,"comment_status":"open","ping_status":"open","sticky":false,"template":"","format":"standard","meta":{"footnotes":""},"categories":[6],"tags":[],"class_list":["post-45715","post","type-post","status-publish","format-standard","hentry","category-deportes"],"_links":{"self":[{"href":"https:\/\/masquenoticiastucuman.com.ar\/index.php?rest_route=\/wp\/v2\/posts\/45715","targetHints":{"allow":["GET"]}}],"collection":[{"href":"https:\/\/masquenoticiastucuman.com.ar\/index.php?rest_route=\/wp\/v2\/posts"}],"about":[{"href":"https:\/\/masquenoticiastucuman.com.ar\/index.php?rest_route=\/wp\/v2\/types\/post"}],"author":[{"embeddable":true,"href":"https:\/\/masquenoticiastucuman.com.ar\/index.php?rest_route=\/wp\/v2\/users\/1"}],"replies":[{"embeddable":true,"href":"https:\/\/masquenoticiastucuman.com.ar\/index.php?rest_route=%2Fwp%2Fv2%2Fcomments&post=45715"}],"version-history":[{"count":0,"href":"https:\/\/masquenoticiastucuman.com.ar\/index.php?rest_route=\/wp\/v2\/posts\/45715\/revisions"}],"wp:attachment":[{"href":"https:\/\/masquenoticiastucuman.com.ar\/index.php?rest_route=%2Fwp%2Fv2%2Fmedia&parent=45715"}],"wp:term":[{"taxonomy":"category","embeddable":true,"href":"https:\/\/masquenoticiastucuman.com.ar\/index.php?rest_route=%2Fwp%2Fv2%2Fcategories&post=45715"},{"taxonomy":"post_tag","embeddable":true,"href":"https:\/\/masquenoticiastucuman.com.ar\/index.php?rest_route=%2Fwp%2Fv2%2Ftags&post=45715"}],"curies":[{"name":"wp","href":"https:\/\/api.w.org\/{rel}","templated":true}]}}