{"id":45765,"date":"2025-09-15T06:01:04","date_gmt":"2025-09-15T09:01:04","guid":{"rendered":"http:\/\/masquenoticiastucuman.com.ar\/?p=45765"},"modified":"2025-09-15T06:01:04","modified_gmt":"2025-09-15T09:01:04","slug":"franco-colapinto-a-un-ano-del-dia-que-puso-su-nombre-en-la-historia-de-la-formula-1","status":"publish","type":"post","link":"https:\/\/masquenoticiastucuman.com.ar\/?p=45765","title":{"rendered":"Franco Colapinto, a un a\u00f1o del d\u00eda que puso su nombre en la historia de la F\u00f3rmula 1"},"content":{"rendered":"<ul>\n<li>El 15 de septiembre de 2024, el bonaerense cruz\u00f3 la meta octavo y conquist\u00f3 sus primeros cuatro puntos en Bak\u00fa.<\/li>\n<li>Este fin de semana volver\u00e1 a la pista de Azerbaiy\u00e1n, donde tuvo su mejor actuaci\u00f3n.<\/li>\n<\/ul>","protected":false},"excerpt":{"rendered":"<p>El 15 de septiembre de 2024, el bonaerense cruz\u00f3 la meta octavo y conquist\u00f3 sus&#8230;<\/p>\n","protected":false},"author":1,"featured_media":0,"comment_status":"open","ping_status":"open","sticky":false,"template":"","format":"standard","meta":{"footnotes":""},"categories":[6],"tags":[],"class_list":["post-45765","post","type-post","status-publish","format-standard","hentry","category-deportes"],"_links":{"self":[{"href":"https:\/\/masquenoticiastucuman.com.ar\/index.php?rest_route=\/wp\/v2\/posts\/45765","targetHints":{"allow":["GET"]}}],"collection":[{"href":"https:\/\/masquenoticiastucuman.com.ar\/index.php?rest_route=\/wp\/v2\/posts"}],"about":[{"href":"https:\/\/masquenoticiastucuman.com.ar\/index.php?rest_route=\/wp\/v2\/types\/post"}],"author":[{"embeddable":true,"href":"https:\/\/masquenoticiastucuman.com.ar\/index.php?rest_route=\/wp\/v2\/users\/1"}],"replies":[{"embeddable":true,"href":"https:\/\/masquenoticiastucuman.com.ar\/index.php?rest_route=%2Fwp%2Fv2%2Fcomments&post=45765"}],"version-history":[{"count":0,"href":"https:\/\/masquenoticiastucuman.com.ar\/index.php?rest_route=\/wp\/v2\/posts\/45765\/revisions"}],"wp:attachment":[{"href":"https:\/\/masquenoticiastucuman.com.ar\/index.php?rest_route=%2Fwp%2Fv2%2Fmedia&parent=45765"}],"wp:term":[{"taxonomy":"category","embeddable":true,"href":"https:\/\/masquenoticiastucuman.com.ar\/index.php?rest_route=%2Fwp%2Fv2%2Fcategories&post=45765"},{"taxonomy":"post_tag","embeddable":true,"href":"https:\/\/masquenoticiastucuman.com.ar\/index.php?rest_route=%2Fwp%2Fv2%2Ftags&post=45765"}],"curies":[{"name":"wp","href":"https:\/\/api.w.org\/{rel}","templated":true}]}}