{"id":45774,"date":"2025-09-15T07:03:12","date_gmt":"2025-09-15T10:03:12","guid":{"rendered":"https:\/\/masquenoticiastucuman.com.ar\/?p=45774"},"modified":"2025-09-15T07:03:13","modified_gmt":"2025-09-15T10:03:13","slug":"expo-2025-la-policia-de-tucuman-fortalecio-su-vinculo-con-la-comunidad","status":"publish","type":"post","link":"https:\/\/masquenoticiastucuman.com.ar\/?p=45774","title":{"rendered":"Expo 2025: La Polic\u00eda de Tucum\u00e1n fortaleci\u00f3 su v\u00ednculo con la comunidad"},"content":{"rendered":"\n<p>Las distintas Divisiones Especiales acercaron informaci\u00f3n y actividades recreativas para las familias y ni\u00f1os que se acercaron a conocer el trabajo de los efectivos.<\/p>\n\n\n\n<p id=\"isPasted\">En el cierre de la 60.\u00aa edici\u00f3n de la Expo Agroganadera, que finaliz\u00f3 este domingo, el subjefe de Polic\u00eda Roque Y\u00f1igo, realiz\u00f3 un balance optimista de la participaci\u00f3n y del acercamiento de la fuerza a la sociedad. \u201cHemos tenido una gran concurrencia en nuestros stands, con actividades pensadas especialmente para los ni\u00f1os, como juegos y ejercicios de destreza. La respuesta de la gente ha sido muy positiva y nos sentimos ampliamente satisfechos con los resultados de la Expo\u201d, manifest\u00f3.<\/p>\n\n\n\n<p>Asimismo, el comisario inspector<strong>&nbsp;Daniel Medina<\/strong>, a cargo de los stands en representaci\u00f3n de la superioridad policial, expres\u00f3 que la muestra permiti\u00f3 dar a conocer la diversidad de actividades que realiza la Polic\u00eda a diario. \u201cHay diferentes stands: Antecedentes Personales, Armamento y Equipo, Bienestar Policial, Trata de Personas, Bomberos, la Escuela de Suboficiales y Agentes, el IES de Polic\u00eda, la Escuela Superior, Pollitos Azules, el Ballet Folkl\u00f3rico, Delitos Rurales y Ambientales, C.E.R.O., G.E.A.M., D.O.M.T. y dem\u00e1s Unidades Especiales\u201d, detall\u00f3.&nbsp;<\/p>\n\n\n\n<p>\u201cSe ha notado una gran participaci\u00f3n del p\u00fablico, especialmente de los ni\u00f1os, que pudieron interactuar con las motos, con los bomberos, practicar distintas actividades de destreza y conocer el trabajo de la fuerza\u201d, agreg\u00f3 Medina.<\/p>\n\n\n\n<p>A su vez, H\u00e9ctor G\u00f3mez Nacuse, director de Bienestar Policial y Penitenciario, afirm\u00f3 que la presencia en la Expo permiti\u00f3 difundir las actividades y servicios que la direcci\u00f3n ofrece al personal del Ministerio de Seguridad, tanto activos como retirados. \u201cHemos preparado v\u00eddeos con im\u00e1genes de convenios, actividades m\u00e9dicas y sociales, y tambi\u00e9n se han realizado sorteos con obsequios de empresas que participan y apoyan estas iniciativas. La repercusi\u00f3n ha sido muy buena, y muchas personas se est\u00e1n informando por primera vez sobre los beneficios con los que cuenta el personal\u201d, se\u00f1al\u00f3.<\/p>\n\n\n\n<p>Por otro lado, los cadetes del I.E.S. de Polic\u00eda Jos\u00e9 de San Mart\u00edn comentaron que la mayor\u00eda de las consultas del p\u00fablico estuvieron relacionadas con los ingresos y fechas de inscripci\u00f3n para quienes deseen sumarse a la fuerza. Tambi\u00e9n destacaron la gran concurrencia de familias y el entusiasmo de los ni\u00f1os al participar en las actividades planificadas.<\/p>\n\n\n\n<p>Finalmente, los espectadores resaltaron la interacci\u00f3n de los efectivos con los ni\u00f1os: \u201cMe parece excelente la ense\u00f1anza que les dan como profesionales\u201d. \u201cNos gusta todo lo que hacen y c\u00f3mo ense\u00f1an para que la gente pueda conocer a la Polic\u00eda\u201d, manifestaron algunos concurrentes.<\/p>\n\n\n\n<p>As\u00ed, la Expo 2025 permiti\u00f3 mostrar la preparaci\u00f3n de la Polic\u00eda de Tucum\u00e1n y la vocaci\u00f3n de servicio de sus integrantes.&nbsp;<\/p>\n","protected":false},"excerpt":{"rendered":"<p>Las distintas Divisiones Especiales acercaron informaci\u00f3n y actividades recreativas para las familias y ni\u00f1os que&#8230;<\/p>\n","protected":false},"author":2,"featured_media":0,"comment_status":"open","ping_status":"open","sticky":false,"template":"","format":"standard","meta":{"footnotes":""},"categories":[2],"tags":[],"class_list":["post-45774","post","type-post","status-publish","format-standard","hentry","category-locales"],"_links":{"self":[{"href":"https:\/\/masquenoticiastucuman.com.ar\/index.php?rest_route=\/wp\/v2\/posts\/45774","targetHints":{"allow":["GET"]}}],"collection":[{"href":"https:\/\/masquenoticiastucuman.com.ar\/index.php?rest_route=\/wp\/v2\/posts"}],"about":[{"href":"https:\/\/masquenoticiastucuman.com.ar\/index.php?rest_route=\/wp\/v2\/types\/post"}],"author":[{"embeddable":true,"href":"https:\/\/masquenoticiastucuman.com.ar\/index.php?rest_route=\/wp\/v2\/users\/2"}],"replies":[{"embeddable":true,"href":"https:\/\/masquenoticiastucuman.com.ar\/index.php?rest_route=%2Fwp%2Fv2%2Fcomments&post=45774"}],"version-history":[{"count":1,"href":"https:\/\/masquenoticiastucuman.com.ar\/index.php?rest_route=\/wp\/v2\/posts\/45774\/revisions"}],"predecessor-version":[{"id":45776,"href":"https:\/\/masquenoticiastucuman.com.ar\/index.php?rest_route=\/wp\/v2\/posts\/45774\/revisions\/45776"}],"wp:attachment":[{"href":"https:\/\/masquenoticiastucuman.com.ar\/index.php?rest_route=%2Fwp%2Fv2%2Fmedia&parent=45774"}],"wp:term":[{"taxonomy":"category","embeddable":true,"href":"https:\/\/masquenoticiastucuman.com.ar\/index.php?rest_route=%2Fwp%2Fv2%2Fcategories&post=45774"},{"taxonomy":"post_tag","embeddable":true,"href":"https:\/\/masquenoticiastucuman.com.ar\/index.php?rest_route=%2Fwp%2Fv2%2Ftags&post=45774"}],"curies":[{"name":"wp","href":"https:\/\/api.w.org\/{rel}","templated":true}]}}