{"id":45791,"date":"2025-09-15T10:28:09","date_gmt":"2025-09-15T13:28:09","guid":{"rendered":"https:\/\/masquenoticiastucuman.com.ar\/?p=45791"},"modified":"2025-09-15T10:28:10","modified_gmt":"2025-09-15T13:28:10","slug":"megaoperativo-terrestre-y-aereo-en-san-miguel-de-tucuman","status":"publish","type":"post","link":"https:\/\/masquenoticiastucuman.com.ar\/?p=45791","title":{"rendered":"Megaoperativo terrestre y a\u00e9reo en San Miguel de Tucum\u00e1n"},"content":{"rendered":"\n<p>Fue un trabajo conjunto con personal de la Direcci\u00f3n de Aeron\u00e1utica de la provincia, en la que afectaron 50 recursos log\u00edsticos y 100 efectivos policiales, m\u00e1s el helic\u00f3ptero.<\/p>\n\n\n\n<p id=\"isPasted\">En la madrugada de este s\u00e1bado, la Polic\u00eda de Tucum\u00e1n despleg\u00f3 un importante operativo de prevenci\u00f3n en toda la Capital. Fue un trabajo conjunto con personal de la Direcci\u00f3n de Aeron\u00e1utica de la provincia, en la que afectaron 50 recursos log\u00edsticos y 100 efectivos policiales, m\u00e1s el helic\u00f3ptero.<\/p>\n\n\n\n<p>En el lugar, el jefe de la Unidad Regional Capital (URC), comisario general Eduardo Luna, manifest\u00f3: \u201cHoy desarrollamos un importante operativo, vamos a partir del aeropuerto: contamos con un helic\u00f3ptero y desde el hip\u00f3dromo con recursos log\u00edsticos y humanos, todo esto dispuesto por el gobernador de la provincia, Osvaldo Jaldo; ministro de Seguridad, Eugenio Ag\u00fcero Gamboa; jefe y subjefe de Polic\u00eda, Joaqu\u00edn Girvau y Roque Y\u00f1igo, respectivamente\u201d.<\/p>\n\n\n\n<p>Luna afirm\u00f3 que para este operativo afectaron 50 m\u00f3viles y 100 polic\u00edas que se van a desplazar en toda la capital.<\/p>\n\n\n\n<p>\u201cEste operativo se va desarrollar en asentamientos, barrios perif\u00e9ricos, micro y macro centro de la ciudad. Vamos a contar puestos fijos de control donde vamos a aplicar la Ley de Tr\u00e1nsito, la Ley de Narcomenudeo y en caso que lo amerite, el C\u00f3digo Penal\u201d, explic\u00f3 y agreg\u00f3 que este trabajo se suma al pedido de los vecinos de los diferentes barrios que componen la URC y, sobre todo, para llevar tranquilidad y paz social a la comunidad.<\/p>\n\n\n\n<p>Por su parte, el jefe de Zona III de la URC, comisario inspector C\u00e9sar Paz, se\u00f1al\u00f3: \u201cEstamos realizando este operativo en el \u00e1mbito de San Miguel de Tucum\u00e1n, en conjunto con la Direcci\u00f3n de Aeron\u00e1utica de la provincia de Tucum\u00e1n\u201d donde participaron los pilotos Federico Sagrista y Maximiliano Peralta.<\/p>\n\n\n\n<p>El operativo se despleg\u00f3 en todo el \u00e1mbito de las cuatro Jefaturas de Zona que comprenden la regional (Zonas I, II, III, IV).<\/p>\n\n\n\n<p>\u201cEs un trabajo en conjunto con los m\u00f3viles, por tierra y el helic\u00f3ptero por aire. Estaremos controlando periferia, boliches, barrios. Con este trabajo estamos marcando una nueva era, con vuelos nocturnos, tambi\u00e9n gracias a la colaboraci\u00f3n del director de aeron\u00e1utica Efra\u00edn Leccese que siempre est\u00e1 predispuesto a colaborar\u201d, cerr\u00f3 Paz.<\/p>\n\n\n\n<p><a href=\"https:\/\/www.facebook.com\/sharer\/sharer.php?u=https%3A%2F%2Felinformadordigital.ar%2F2025%2F09%2F15%2Fmegaoperativo-terrestre-y-aereo-en-san-miguel-de-tucuman%2F\" rel=\"noreferrer noopener\" target=\"_blank\"><\/a><a href=\"https:\/\/twitter.com\/intent\/tweet?text=Megaoperativo%20terrestre%20y%20a%C3%A9reo%20en%20San%20Miguel%20de%20Tucum%C3%A1n&amp;url=https%3A%2F%2Felinformadordigital.ar%2F2025%2F09%2F15%2Fmegaoperativo-terrestre-y-aereo-en-san-miguel-de-tucuman%2F\" rel=\"noreferrer noopener\" target=\"_blank\"><\/a><a href=\"https:\/\/reddit.com\/submit?url=https%3A%2F%2Felinformadordigital.ar%2F2025%2F09%2F15%2Fmegaoperativo-terrestre-y-aereo-en-san-miguel-de-tucuman%2F&amp;title=Megaoperativo%20terrestre%20y%20a%C3%A9reo%20en%20San%20Miguel%20de%20Tucum%C3%A1n\" rel=\"noreferrer noopener\" target=\"_blank\"><\/a><a href=\"https:\/\/www.linkedin.com\/sharing\/share-offsite\/?url=https%3A%2F%2Felinformadordigital.ar%2F2025%2F09%2F15%2Fmegaoperativo-terrestre-y-aereo-en-san-miguel-de-tucuman%2F\" rel=\"noreferrer noopener\" target=\"_blank\"><\/a><a href=\"https:\/\/elinformadordigital.ar\/2025\/09\/15\/megaoperativo-terrestre-y-aereo-en-san-miguel-de-tucuman\/\"><\/a><a href=\"https:\/\/mastodon.social\/share?text=https%3A%2F%2Felinformadordigital.ar%2F2025%2F09%2F15%2Fmegaoperativo-terrestre-y-aereo-en-san-miguel-de-tucuman%2F&amp;title=Megaoperativo%20terrestre%20y%20a%C3%A9reo%20en%20San%20Miguel%20de%20Tucum%C3%A1n\" rel=\"noreferrer noopener\" target=\"_blank\"><\/a><a href=\"https:\/\/mix.com\/mixit?url=https%3A%2F%2Felinformadordigital.ar%2F2025%2F09%2F15%2Fmegaoperativo-terrestre-y-aereo-en-san-miguel-de-tucuman%2F\" rel=\"noreferrer noopener\" target=\"_blank\"><\/a><a href=\"https:\/\/api.whatsapp.com\/send?text=Megaoperativo%20terrestre%20y%20a%C3%A9reo%20en%20San%20Miguel%20de%20Tucum%C3%A1n%20https%3A%2F%2Felinformadordigital.ar%2F2025%2F09%2F15%2Fmegaoperativo-terrestre-y-aereo-en-san-miguel-de-tucuman%2F\" rel=\"noreferrer noopener\" target=\"_blank\"><\/a><a href=\"https:\/\/elinformadordigital.ar\/2025\/09\/15\/megaoperativo-terrestre-y-aereo-en-san-miguel-de-tucuman\/\"><\/a><\/p>\n\n\n\n<p><\/p>\n","protected":false},"excerpt":{"rendered":"<p>Fue un trabajo conjunto con personal de la Direcci\u00f3n de Aeron\u00e1utica de la provincia, en&#8230;<\/p>\n","protected":false},"author":2,"featured_media":0,"comment_status":"open","ping_status":"open","sticky":false,"template":"","format":"standard","meta":{"footnotes":""},"categories":[2],"tags":[],"class_list":["post-45791","post","type-post","status-publish","format-standard","hentry","category-locales"],"_links":{"self":[{"href":"https:\/\/masquenoticiastucuman.com.ar\/index.php?rest_route=\/wp\/v2\/posts\/45791","targetHints":{"allow":["GET"]}}],"collection":[{"href":"https:\/\/masquenoticiastucuman.com.ar\/index.php?rest_route=\/wp\/v2\/posts"}],"about":[{"href":"https:\/\/masquenoticiastucuman.com.ar\/index.php?rest_route=\/wp\/v2\/types\/post"}],"author":[{"embeddable":true,"href":"https:\/\/masquenoticiastucuman.com.ar\/index.php?rest_route=\/wp\/v2\/users\/2"}],"replies":[{"embeddable":true,"href":"https:\/\/masquenoticiastucuman.com.ar\/index.php?rest_route=%2Fwp%2Fv2%2Fcomments&post=45791"}],"version-history":[{"count":1,"href":"https:\/\/masquenoticiastucuman.com.ar\/index.php?rest_route=\/wp\/v2\/posts\/45791\/revisions"}],"predecessor-version":[{"id":45793,"href":"https:\/\/masquenoticiastucuman.com.ar\/index.php?rest_route=\/wp\/v2\/posts\/45791\/revisions\/45793"}],"wp:attachment":[{"href":"https:\/\/masquenoticiastucuman.com.ar\/index.php?rest_route=%2Fwp%2Fv2%2Fmedia&parent=45791"}],"wp:term":[{"taxonomy":"category","embeddable":true,"href":"https:\/\/masquenoticiastucuman.com.ar\/index.php?rest_route=%2Fwp%2Fv2%2Fcategories&post=45791"},{"taxonomy":"post_tag","embeddable":true,"href":"https:\/\/masquenoticiastucuman.com.ar\/index.php?rest_route=%2Fwp%2Fv2%2Ftags&post=45791"}],"curies":[{"name":"wp","href":"https:\/\/api.w.org\/{rel}","templated":true}]}}