{"id":45802,"date":"2025-09-15T11:47:40","date_gmt":"2025-09-15T14:47:40","guid":{"rendered":"https:\/\/masquenoticiastucuman.com.ar\/?p=45802"},"modified":"2025-09-15T11:47:40","modified_gmt":"2025-09-15T14:47:40","slug":"jaldo-recibio-a-la-asociacion-de-magistrados-en-el-dia-de-la-magistratura","status":"publish","type":"post","link":"https:\/\/masquenoticiastucuman.com.ar\/?p=45802","title":{"rendered":"Jaldo recibi\u00f3 a la Asociaci\u00f3n de Magistrados en el D\u00eda de la Magistratura"},"content":{"rendered":"\n<p>En el marco del D\u00eda de la Magistratura y la Funci\u00f3n Judicial, el Primer Mandatario recibi\u00f3 a los integrantes de la comisi\u00f3n directiva de la Asociaci\u00f3n de la Magistratura y la Funci\u00f3n Judicial de Tucum\u00e1n.<\/p>\n\n\n\n<p>El gobernador,&nbsp;<strong>Osvaldo Jaldo<\/strong>, en la ma\u00f1ana del lunes se reuni\u00f3 con la jueza,<strong>&nbsp;Marcela Ruiz,<\/strong>&nbsp;presidenta de la Federaci\u00f3n Argentina de la Magistratura y la Funci\u00f3n Judicial (FAM) y de la Asociaci\u00f3n de la Magistratura y la Funci\u00f3n Judicial de Tucum\u00e1n (AMT) y una comitiva de magistrados.<\/p>\n\n\n\n<figure class=\"wp-block-image size-large\"><img decoding=\"async\" src=\"https:\/\/masquenoticiastucuman.com.ar\/wp-content\/uploads\/2025\/09\/250915113050_87095-1024x682.jpeg\" alt=\"\" class=\"wp-image-45803\" \/><\/figure>\n\n\n\n<p>Acompa\u00f1aron al mandatario &nbsp;el ministro de Gobierno y Justicia,<strong>&nbsp;Regino Amado,<\/strong>&nbsp;y la fiscal de Estado,&nbsp;<strong>Gilda Pedicone de Valls.<\/strong><\/p>\n\n\n\n<p>Durante el encuentro, Ruiz expres\u00f3: \u201cHoy es el D\u00eda de la Magistratura, la Funci\u00f3n Judicial. Entonces, el D\u00eda del Magistrado, como se lo conoce. Era importante tener esta reuni\u00f3n con el Gobernador para visibilizar el trabajo que se hace desde la justicia, desde los distintos lugares y funciones\u201d.<\/p>\n\n\n\n<p>La titular de la FAM agreg\u00f3: \u201cHoy nos hemos reunido todos los integrantes de la comisi\u00f3n directiva de la Asociaci\u00f3n de Magistrados de Tucum\u00e1n. Que nos reciba el Gobernador implica visibilizar y poner en valor el trabajo cotidiano de la justicia\u201d.<\/p>\n\n\n\n<p>En relaci\u00f3n con el trabajo conjunto entre el Poder Ejecutivo y el Poder Judicial, Ruiz sostuvo: \u201cCreo que es una muestra de lo que se puede lograr dentro de una provincia por el trabajo conjunto de los tres poderes del Estado. Las reformas que se han hecho en el \u00faltimo tiempo, como la modificaci\u00f3n de los C\u00f3digos Civil, Procesal Civil, el C\u00f3digo de Familia y la reforma procesal penal, han sido una muestra de ese trabajo conjunto. Todo el trabajo que se hace en las nuevas leyes impacta directamente en la ciudadan\u00eda, que es la destinataria del servicio que prestamos\u201d.<\/p>\n\n\n\n<p>Respecto a la articulaci\u00f3n entre poderes, destac\u00f3: \u201cEl trabajo en conjunto no quiere decir que cada uno se salga de su rol. La Asociaci\u00f3n de Magistrados defiende la independencia del Poder Judicial. Trabajo conjunto no significa falta de independencia, al contrario, implica que hay un bien superior, y ese bien superior es la ciudadan\u00eda, es la paz social. Creo que entre todas y todos tenemos que construir esa paz. Ese es el punto de contacto, y en definitiva, es lo que busca la gente\u201d.<\/p>\n\n\n\n<p>Por \u00faltimo, hizo referencia a los recientes nombramientos en el Poder Judicial: \u201cSe ha avanzado en los nombramientos en los fueros que m\u00e1s lo necesitaban. Entre ellos, el fuero de Familia, y tambi\u00e9n Civil y Comercial, que estaban atravesando una importante cantidad de vacantes. No es que no se necesiten m\u00e1s jueces, por supuesto que se necesitan, pero en esa necesidad hay que priorizar los fueros con mayor demanda social\u201d.<\/p>\n","protected":false},"excerpt":{"rendered":"<p>En el marco del D\u00eda de la Magistratura y la Funci\u00f3n Judicial, el Primer Mandatario&#8230;<\/p>\n","protected":false},"author":2,"featured_media":0,"comment_status":"open","ping_status":"open","sticky":false,"template":"","format":"standard","meta":{"footnotes":""},"categories":[2],"tags":[],"class_list":["post-45802","post","type-post","status-publish","format-standard","hentry","category-locales"],"_links":{"self":[{"href":"https:\/\/masquenoticiastucuman.com.ar\/index.php?rest_route=\/wp\/v2\/posts\/45802","targetHints":{"allow":["GET"]}}],"collection":[{"href":"https:\/\/masquenoticiastucuman.com.ar\/index.php?rest_route=\/wp\/v2\/posts"}],"about":[{"href":"https:\/\/masquenoticiastucuman.com.ar\/index.php?rest_route=\/wp\/v2\/types\/post"}],"author":[{"embeddable":true,"href":"https:\/\/masquenoticiastucuman.com.ar\/index.php?rest_route=\/wp\/v2\/users\/2"}],"replies":[{"embeddable":true,"href":"https:\/\/masquenoticiastucuman.com.ar\/index.php?rest_route=%2Fwp%2Fv2%2Fcomments&post=45802"}],"version-history":[{"count":1,"href":"https:\/\/masquenoticiastucuman.com.ar\/index.php?rest_route=\/wp\/v2\/posts\/45802\/revisions"}],"predecessor-version":[{"id":45805,"href":"https:\/\/masquenoticiastucuman.com.ar\/index.php?rest_route=\/wp\/v2\/posts\/45802\/revisions\/45805"}],"wp:attachment":[{"href":"https:\/\/masquenoticiastucuman.com.ar\/index.php?rest_route=%2Fwp%2Fv2%2Fmedia&parent=45802"}],"wp:term":[{"taxonomy":"category","embeddable":true,"href":"https:\/\/masquenoticiastucuman.com.ar\/index.php?rest_route=%2Fwp%2Fv2%2Fcategories&post=45802"},{"taxonomy":"post_tag","embeddable":true,"href":"https:\/\/masquenoticiastucuman.com.ar\/index.php?rest_route=%2Fwp%2Fv2%2Ftags&post=45802"}],"curies":[{"name":"wp","href":"https:\/\/api.w.org\/{rel}","templated":true}]}}