{"id":45812,"date":"2025-09-15T12:20:08","date_gmt":"2025-09-15T15:20:08","guid":{"rendered":"https:\/\/masquenoticiastucuman.com.ar\/?p=45812"},"modified":"2025-09-15T12:20:08","modified_gmt":"2025-09-15T15:20:08","slug":"jaldo-recibio-a-taekwondista-karla-castro-que-viajara-al-mundial-de-italia","status":"publish","type":"post","link":"https:\/\/masquenoticiastucuman.com.ar\/?p=45812","title":{"rendered":"Jaldo recibi\u00f3 a taekwondista Karla Castro, que viajar\u00e1 al mundial de Italia"},"content":{"rendered":"\n<p>La deportista, de 27 a\u00f1os, representar\u00e1 a la Argentina el 3 y el 13 de octubre en Formas Individual I Dan y en Lucha hasta 57 kilos, categor\u00edas que gan\u00f3 en el selectivo nacional de 2024.<\/p>\n\n\n\n<p>El gobernador&nbsp;<strong>Osvaldo Jaldo<\/strong>&nbsp;y el vicegobernador&nbsp;<strong>Miguel Acevedo&nbsp;<\/strong>recibieron en Casa de Gobierno a la deportista<strong>&nbsp;Karla Castro<\/strong>, quien qued\u00f3 clasificada para participar del Mundial ITF de taekwondo, que se desarrollar\u00e1 en Jesolo, Italia.<\/p>\n\n\n\n<p>Del encuentro participaron el presidente subrogante de la Legislatura,&nbsp;<strong>Sergio Mansilla<\/strong>; la diputada nacional<strong>&nbsp;Elia Fern\u00e1ndez<\/strong>; los ministros&nbsp;<strong>Dar\u00edo Monteros<\/strong>&nbsp;(Interior) y&nbsp;<strong>Regino Amado<\/strong>&nbsp;(Gobierno y Justicia); el secretario de Acci\u00f3n Pol\u00edtica y Comunitaria,&nbsp;<strong>Daniel Garc\u00eda<\/strong>; y los padres de Karla,&nbsp;<strong>Liliana&nbsp;<\/strong>y<strong>&nbsp;Luis.&nbsp;<\/strong><\/p>\n\n\n\n<p>La deportista, de 27 a\u00f1os, representar\u00e1 a la Argentina el 3 y el 13 de octubre en Formas Individual I Dan y en Lucha hasta 57 kilos, categor\u00edas que gan\u00f3 en el selectivo nacional de 2024.<\/p>\n\n\n\n<p><strong>\u201cEsta es la quinta vez que Karla clasifica para un mundial de taekwondo, en este caso en Italia, pero antes no tuvo la posibilidad de estar presente. Por eso, hoy el Gobierno de la Provincia, el Estado, est\u00e1 presente m\u00e1s que nunca y nosotros orgullosos de una tucumana que logr\u00f3 muchos t\u00edtulos sudamericanos, panamericanos y nacionales\u201d,<\/strong>&nbsp;celebr\u00f3 el ministro Amado.<\/p>\n\n\n\n<p>En esa l\u00ednea, el titular de Gobierno y Justicia destac\u00f3 que \u201cel Gobernador la cit\u00f3 porque la quer\u00eda conocer a ella y a sus padres, que la acompa\u00f1an en todo. Karla es un orgullo de superaci\u00f3n y tambi\u00e9n de sacrificio. Por eso, valoramos mucho su esfuerzo y ojal\u00e1 que ella sea el espejo donde se miren muchos j\u00f3venes y ni\u00f1os que quieran emprender alg\u00fan deporte\u201d.<\/p>\n\n\n\n<p>Por su parte, Karla agradeci\u00f3 \u201cel apoyo del Gobierno de la Provincia de Tucum\u00e1n\u201d para poder hacer posible su sue\u00f1o: \u201cClasifiqu\u00e9 cinco veces para representar a Tucum\u00e1n y al pa\u00eds, y las cuatro veces anteriores por falta de recursos no pude participar, sobre todo por la parte econ\u00f3mica.&nbsp;<strong>As\u00ed que ahora, gracias al apoyo que me est\u00e1n dando, ser\u00e1 posible ir a Italia\u201d,&nbsp;<\/strong>festej\u00f3.&nbsp;<strong><\/strong><strong><\/strong><\/p>\n\n\n\n<p><strong>\u201cEstoy muy agradecida porque como deportista nunca jam\u00e1s, en 22 a\u00f1os que llevo en esto, tuve el apoyo que me est\u00e1n dando hoy\u201d,&nbsp;<\/strong>sostuvo emocionada Castro, quien se destaca siempre por dejar a Tucum\u00e1n en el podio.&nbsp;<strong><\/strong><\/p>\n\n\n\n<p>La diputada nacional Elia Fern\u00e1ndez subray\u00f3 el respaldo del Gobierno de la Provincia al deporte local. \u201cEs un orgullo para nosotros que ella pueda representar a Tucum\u00e1n y a la Argentina. Va a ser una embajadora nuestra en la parte de deporte\u201d, expres\u00f3.<\/p>\n\n\n\n<p>Fern\u00e1ndez tambi\u00e9n valor\u00f3 el acompa\u00f1amiento del gobernador Jaldo: \u201cSiempre se interioriza en estas competencias y colabora&#8221;. Por \u00faltimo, dese\u00f3 \u00e9xitos a la atleta: \u201cS\u00e9 que va a andar muy bien. Es un deporte que necesita mucha dedicaci\u00f3n, y Karla lo viene haciendo desde hace bastantes a\u00f1os\u201d.<\/p>\n","protected":false},"excerpt":{"rendered":"<p>La deportista, de 27 a\u00f1os, representar\u00e1 a la Argentina el 3 y el 13 de&#8230;<\/p>\n","protected":false},"author":2,"featured_media":0,"comment_status":"open","ping_status":"open","sticky":false,"template":"","format":"standard","meta":{"footnotes":""},"categories":[2],"tags":[],"class_list":["post-45812","post","type-post","status-publish","format-standard","hentry","category-locales"],"_links":{"self":[{"href":"https:\/\/masquenoticiastucuman.com.ar\/index.php?rest_route=\/wp\/v2\/posts\/45812","targetHints":{"allow":["GET"]}}],"collection":[{"href":"https:\/\/masquenoticiastucuman.com.ar\/index.php?rest_route=\/wp\/v2\/posts"}],"about":[{"href":"https:\/\/masquenoticiastucuman.com.ar\/index.php?rest_route=\/wp\/v2\/types\/post"}],"author":[{"embeddable":true,"href":"https:\/\/masquenoticiastucuman.com.ar\/index.php?rest_route=\/wp\/v2\/users\/2"}],"replies":[{"embeddable":true,"href":"https:\/\/masquenoticiastucuman.com.ar\/index.php?rest_route=%2Fwp%2Fv2%2Fcomments&post=45812"}],"version-history":[{"count":1,"href":"https:\/\/masquenoticiastucuman.com.ar\/index.php?rest_route=\/wp\/v2\/posts\/45812\/revisions"}],"predecessor-version":[{"id":45814,"href":"https:\/\/masquenoticiastucuman.com.ar\/index.php?rest_route=\/wp\/v2\/posts\/45812\/revisions\/45814"}],"wp:attachment":[{"href":"https:\/\/masquenoticiastucuman.com.ar\/index.php?rest_route=%2Fwp%2Fv2%2Fmedia&parent=45812"}],"wp:term":[{"taxonomy":"category","embeddable":true,"href":"https:\/\/masquenoticiastucuman.com.ar\/index.php?rest_route=%2Fwp%2Fv2%2Fcategories&post=45812"},{"taxonomy":"post_tag","embeddable":true,"href":"https:\/\/masquenoticiastucuman.com.ar\/index.php?rest_route=%2Fwp%2Fv2%2Ftags&post=45812"}],"curies":[{"name":"wp","href":"https:\/\/api.w.org\/{rel}","templated":true}]}}