{"id":45851,"date":"2025-09-15T20:01:02","date_gmt":"2025-09-15T23:01:02","guid":{"rendered":"http:\/\/masquenoticiastucuman.com.ar\/?p=45851"},"modified":"2025-09-15T20:01:02","modified_gmt":"2025-09-15T23:01:02","slug":"independiente-avanza-por-gustavo-quinteros-que-falta-para-que-sea-el-nuevo-dt","status":"publish","type":"post","link":"https:\/\/masquenoticiastucuman.com.ar\/?p=45851","title":{"rendered":"Independiente avanza por Gustavo Quinteros: \u00bfqu\u00e9 falta para que sea el nuevo DT?"},"content":{"rendered":"<ul>\n<li>Tras la salida de Vaccari, el sue\u00f1o era Gabriel Milito pero el ex Barcelona avis\u00f3 que no romper\u00e1 su v\u00ednculo con Chivas de Guadalajara.<\/li>\n<li>Con el objetivo de traer un director t\u00e9cnico ganador, el ex V\u00e9lez avanza como candidato firme.<\/li>\n<li>Los otros nombres que suenan y por qu\u00e9 Quinteros es el m\u00e1s firme.<\/li>\n<\/ul>","protected":false},"excerpt":{"rendered":"<p>Tras la salida de Vaccari, el sue\u00f1o era Gabriel Milito pero el ex Barcelona avis\u00f3&#8230;<\/p>\n","protected":false},"author":1,"featured_media":0,"comment_status":"open","ping_status":"open","sticky":false,"template":"","format":"standard","meta":{"footnotes":""},"categories":[6],"tags":[],"class_list":["post-45851","post","type-post","status-publish","format-standard","hentry","category-deportes"],"_links":{"self":[{"href":"https:\/\/masquenoticiastucuman.com.ar\/index.php?rest_route=\/wp\/v2\/posts\/45851","targetHints":{"allow":["GET"]}}],"collection":[{"href":"https:\/\/masquenoticiastucuman.com.ar\/index.php?rest_route=\/wp\/v2\/posts"}],"about":[{"href":"https:\/\/masquenoticiastucuman.com.ar\/index.php?rest_route=\/wp\/v2\/types\/post"}],"author":[{"embeddable":true,"href":"https:\/\/masquenoticiastucuman.com.ar\/index.php?rest_route=\/wp\/v2\/users\/1"}],"replies":[{"embeddable":true,"href":"https:\/\/masquenoticiastucuman.com.ar\/index.php?rest_route=%2Fwp%2Fv2%2Fcomments&post=45851"}],"version-history":[{"count":0,"href":"https:\/\/masquenoticiastucuman.com.ar\/index.php?rest_route=\/wp\/v2\/posts\/45851\/revisions"}],"wp:attachment":[{"href":"https:\/\/masquenoticiastucuman.com.ar\/index.php?rest_route=%2Fwp%2Fv2%2Fmedia&parent=45851"}],"wp:term":[{"taxonomy":"category","embeddable":true,"href":"https:\/\/masquenoticiastucuman.com.ar\/index.php?rest_route=%2Fwp%2Fv2%2Fcategories&post=45851"},{"taxonomy":"post_tag","embeddable":true,"href":"https:\/\/masquenoticiastucuman.com.ar\/index.php?rest_route=%2Fwp%2Fv2%2Ftags&post=45851"}],"curies":[{"name":"wp","href":"https:\/\/api.w.org\/{rel}","templated":true}]}}