{"id":45857,"date":"2025-09-15T21:01:05","date_gmt":"2025-09-16T00:01:05","guid":{"rendered":"http:\/\/masquenoticiastucuman.com.ar\/?p=45857"},"modified":"2025-09-15T21:01:05","modified_gmt":"2025-09-16T00:01:05","slug":"armand-duplantis-sigue-volando-salto-630-metros-destrozo-su-propio-record-mundial-por-13-vez-y-es-la-superestrella-del-atletismo","status":"publish","type":"post","link":"https:\/\/masquenoticiastucuman.com.ar\/?p=45857","title":{"rendered":"Armand Duplantis sigue volando: salt\u00f3 6,30 metros, destroz\u00f3 su propio r\u00e9cord mundial por 13\u00b0 vez y es la superestrella del atletismo"},"content":{"rendered":"<ul>\n<li>La megaestrella del atletismo logr\u00f3 a sus 25 a\u00f1os su 14\u00b0 plusmarca y consigui\u00f3 su tercer t\u00edtulo mundial en Tokio. <\/li>\n<li>Sus rivales fueron los primeros en festejar junto al sueco.<\/li>\n<\/ul>","protected":false},"excerpt":{"rendered":"<p>La megaestrella del atletismo logr\u00f3 a sus 25 a\u00f1os su 14\u00b0 plusmarca y consigui\u00f3 su&#8230;<\/p>\n","protected":false},"author":1,"featured_media":0,"comment_status":"open","ping_status":"open","sticky":false,"template":"","format":"standard","meta":{"footnotes":""},"categories":[6],"tags":[],"class_list":["post-45857","post","type-post","status-publish","format-standard","hentry","category-deportes"],"_links":{"self":[{"href":"https:\/\/masquenoticiastucuman.com.ar\/index.php?rest_route=\/wp\/v2\/posts\/45857","targetHints":{"allow":["GET"]}}],"collection":[{"href":"https:\/\/masquenoticiastucuman.com.ar\/index.php?rest_route=\/wp\/v2\/posts"}],"about":[{"href":"https:\/\/masquenoticiastucuman.com.ar\/index.php?rest_route=\/wp\/v2\/types\/post"}],"author":[{"embeddable":true,"href":"https:\/\/masquenoticiastucuman.com.ar\/index.php?rest_route=\/wp\/v2\/users\/1"}],"replies":[{"embeddable":true,"href":"https:\/\/masquenoticiastucuman.com.ar\/index.php?rest_route=%2Fwp%2Fv2%2Fcomments&post=45857"}],"version-history":[{"count":0,"href":"https:\/\/masquenoticiastucuman.com.ar\/index.php?rest_route=\/wp\/v2\/posts\/45857\/revisions"}],"wp:attachment":[{"href":"https:\/\/masquenoticiastucuman.com.ar\/index.php?rest_route=%2Fwp%2Fv2%2Fmedia&parent=45857"}],"wp:term":[{"taxonomy":"category","embeddable":true,"href":"https:\/\/masquenoticiastucuman.com.ar\/index.php?rest_route=%2Fwp%2Fv2%2Fcategories&post=45857"},{"taxonomy":"post_tag","embeddable":true,"href":"https:\/\/masquenoticiastucuman.com.ar\/index.php?rest_route=%2Fwp%2Fv2%2Ftags&post=45857"}],"curies":[{"name":"wp","href":"https:\/\/api.w.org\/{rel}","templated":true}]}}