{"id":45867,"date":"2025-09-16T01:01:03","date_gmt":"2025-09-16T04:01:03","guid":{"rendered":"http:\/\/masquenoticiastucuman.com.ar\/?p=45867"},"modified":"2025-09-16T01:01:03","modified_gmt":"2025-09-16T04:01:03","slug":"quien-es-el-campeon-del-mundo-con-francia-se-retiro-del-futbol-a-los-31-anos","status":"publish","type":"post","link":"https:\/\/masquenoticiastucuman.com.ar\/?p=45867","title":{"rendered":"Qui\u00e9n es el campe\u00f3n del mundo con Francia se retir\u00f3 del f\u00fatbol a los 31 a\u00f1os"},"content":{"rendered":"<ul>\n<li>Como consecuencia de sus problemas f\u00edsicos, el futbolista campe\u00f3n con los galos en 2018 decidi\u00f3 dejar la actividad.<\/li>\n<\/ul>","protected":false},"excerpt":{"rendered":"<p>Como consecuencia de sus problemas f\u00edsicos, el futbolista campe\u00f3n con los galos en 2018 decidi\u00f3&#8230;<\/p>\n","protected":false},"author":1,"featured_media":0,"comment_status":"open","ping_status":"open","sticky":false,"template":"","format":"standard","meta":{"footnotes":""},"categories":[6],"tags":[],"class_list":["post-45867","post","type-post","status-publish","format-standard","hentry","category-deportes"],"_links":{"self":[{"href":"https:\/\/masquenoticiastucuman.com.ar\/index.php?rest_route=\/wp\/v2\/posts\/45867","targetHints":{"allow":["GET"]}}],"collection":[{"href":"https:\/\/masquenoticiastucuman.com.ar\/index.php?rest_route=\/wp\/v2\/posts"}],"about":[{"href":"https:\/\/masquenoticiastucuman.com.ar\/index.php?rest_route=\/wp\/v2\/types\/post"}],"author":[{"embeddable":true,"href":"https:\/\/masquenoticiastucuman.com.ar\/index.php?rest_route=\/wp\/v2\/users\/1"}],"replies":[{"embeddable":true,"href":"https:\/\/masquenoticiastucuman.com.ar\/index.php?rest_route=%2Fwp%2Fv2%2Fcomments&post=45867"}],"version-history":[{"count":0,"href":"https:\/\/masquenoticiastucuman.com.ar\/index.php?rest_route=\/wp\/v2\/posts\/45867\/revisions"}],"wp:attachment":[{"href":"https:\/\/masquenoticiastucuman.com.ar\/index.php?rest_route=%2Fwp%2Fv2%2Fmedia&parent=45867"}],"wp:term":[{"taxonomy":"category","embeddable":true,"href":"https:\/\/masquenoticiastucuman.com.ar\/index.php?rest_route=%2Fwp%2Fv2%2Fcategories&post=45867"},{"taxonomy":"post_tag","embeddable":true,"href":"https:\/\/masquenoticiastucuman.com.ar\/index.php?rest_route=%2Fwp%2Fv2%2Ftags&post=45867"}],"curies":[{"name":"wp","href":"https:\/\/api.w.org\/{rel}","templated":true}]}}