{"id":45881,"date":"2025-09-16T06:54:38","date_gmt":"2025-09-16T09:54:38","guid":{"rendered":"https:\/\/masquenoticiastucuman.com.ar\/?p=45881"},"modified":"2025-09-16T06:54:39","modified_gmt":"2025-09-16T09:54:39","slug":"jaldo-inauguro-obras-de-infraestructura-en-san-pablo-y-lules","status":"publish","type":"post","link":"https:\/\/masquenoticiastucuman.com.ar\/?p=45881","title":{"rendered":"Jaldo inaugur\u00f3 obras de infraestructura en San Pablo y Lules"},"content":{"rendered":"\n<p>El Gobernador encabez\u00f3 la inauguraci\u00f3n de obras de alumbrado p\u00fablico y pavimentaci\u00f3n en San Pablo y supervis\u00f3 la instalaci\u00f3n de ca\u00f1er\u00edas para mejorar la provisi\u00f3n de agua potable en la zona.<\/p>\n\n\n\n<p id=\"isPasted\">El gobernador&nbsp;<strong>Osvaldo Jaldo<\/strong>&nbsp;cumpli\u00f3 esta tarde con una agenda de actividades en el departamento Lules. Luego de inaugurar la escuela N\u00b039 en San Felipe y Santa B\u00e1rbara, se dirigi\u00f3 a la comuna de San Pablo, donde dej\u00f3 inauguradas obras de alumbrado p\u00fablico sobre la ruta provincial 301, en el tramo que une San Pablo con la ciudad de San Isidro de Lules. Adem\u00e1s, habilit\u00f3 trabajos de pavimentaci\u00f3n en calle San Mart\u00edn y recorri\u00f3 la obra de instalaci\u00f3n de ca\u00f1er\u00edas que permitir\u00e1 mejorar la provisi\u00f3n de agua potable en la zona.<\/p>\n\n\n\n<p>El mandatario estuvo acompa\u00f1ado por el ministro del Interior,&nbsp;<strong>Dar\u00edo Monteros<\/strong>; la intendenta de Lules,<strong>&nbsp;Marta Albarrac\u00edn<\/strong>; el presidente del Ente de Turismo,<strong>&nbsp;Domingo Amaya;<\/strong>&nbsp;los diputados nacionales&nbsp;<strong>Gladys Medina<\/strong>,&nbsp;<strong>Elia Fern\u00e1ndez<\/strong>&nbsp;y&nbsp;<strong>Agust\u00edn Fern\u00e1ndez<\/strong>; el comisionado comunal de San Pablo y Villa Nougu\u00e9s,&nbsp;<strong>Miguel Gonz\u00e1lez<\/strong>; el intendente de Simoca,&nbsp;<strong>Elvio Salazar<\/strong>; los legisladores&nbsp;<strong>Carlos Gall\u00eda<\/strong>,&nbsp;<strong>Javier Noguera<\/strong>,&nbsp;<strong>Ger\u00f3nimo Vargas Aignasse<\/strong>,&nbsp;<strong>Walter Herrera<\/strong>,&nbsp;<strong>Patricia Liz\u00e1rraga<\/strong>&nbsp;y&nbsp;<strong>Alejandro Figueroa<\/strong>; el representante de la Casa de Tucum\u00e1n en Buenos Aires,&nbsp;<strong>Enrique Salvatierra<\/strong>; la directora del Registro Civil,&nbsp;<strong>Carolina Bidegorri<\/strong>; y el titular del IPLA,&nbsp;<strong>Dante Loza<\/strong>, entre otras autoridades.<\/p>\n\n\n\n<p id=\"isPasted\">\u201cHemos inaugurado algo que se paraliz\u00f3 en la gesti\u00f3n anterior y que la actual gesti\u00f3n nacional no reimpuls\u00f3: la construcci\u00f3n desde cero de una escuela para esta hermosa comunidad. Es casi la escuela n\u00famero 12 que inauguramos en un a\u00f1o y ocho meses de gobierno, y tenemos m\u00e1s de 14 en construcci\u00f3n en distintos avances de obra\u201d, afirm\u00f3 sobre la actividad previa.<\/p>\n\n\n\n<p>Al referirse a la cercan\u00eda con los vecinos, enfatiz\u00f3: \u201cQuienes tenemos responsabilidad institucional tenemos que dar la cara, escuchar al vecino. No solo venimos a inaugurar, sino tambi\u00e9n a recorrer y dialogar con la gente, porque eso nos permite gobernar mejor\u201d.&nbsp;<\/p>\n\n\n\n<p>Durante el acto en Lules, destac\u00f3 la importancia de las obras de alumbrado p\u00fablico y pavimento: \u201cSe han hecho casi cuatro kil\u00f3metros de alumbrado p\u00fablico entre San Pablo y Lules y se han recuperado otros tantos. Tambi\u00e9n inauguramos pavimento nuevo que hermosea sustancialmente la ciudad. Estas obras mejoran la calidad de vida de quienes transitan y de quienes viven a la vera de la ruta\u201d.<\/p>\n\n\n\n<p>Sobre el acueducto de Lules, se\u00f1al\u00f3 la prioridad que tiene para su gobierno: \u201cNo podemos hablar de otra obra m\u00e1s importante si no le damos agua a la gente y energ\u00eda el\u00e9ctrica. Por eso priorizamos el acueducto de Lules, que va a abastecer de agua a m\u00e1s del 50% de la ciudad. Es fundamental garantizar estos servicios esenciales\u201d.&nbsp;<\/p>\n\n\n\n<p>El ministro Dar\u00edo Monteros puso en valor el trabajo en conjunto: \u201cHabilitamos m\u00e1s de 4 kil\u00f3metros de iluminaci\u00f3n LED entre San Pablo y Lules, recorrimos 700 metros de pavimento nuevo y supervisamos el recambio de m\u00e1s de 3.000 metros de ca\u00f1er\u00edas para resolver la problem\u00e1tica del agua potable. Estas obras son fruto de la articulaci\u00f3n entre provincia, municipio y comunas\u201d.<\/p>\n\n\n\n<p>La diputada Gladys Medina agradeci\u00f3 el respaldo de los lule\u00f1os: \u201cQuiero agradecer al pueblo de Lules, a la intendenta y a los comisionados comunales. Nos llevamos el compromiso de seguir trabajando por toda nuestra provincia, estando presentes en el interior con obras y trabajo junto a Osvaldo Jaldo\u201d.<\/p>\n\n\n\n<p>Por su parte, la intendenta Marta Albarrac\u00edn destac\u00f3 el crecimiento local: &nbsp;\u201cTengo el orgullo de tener un gobernador que nos escucha y da respuestas, trabajando codo a codo con el Ministro del Interior. El crecimiento en Lules se ve, y seguiremos trabajando juntos para que nuestra ciudad siga mejorando d\u00eda a d\u00eda\u201d.<\/p>\n\n\n\n<p>La diputada nacional Elia Fern\u00e1ndez expres\u00f3: \u201cPor supuesto, pasan por esta ruta muchos tucumanos. S\u00e9 que aparte de esta ruta, en total ya se instalaron doscientas veintis\u00e9is luminarias. Valoro mucho porque la iluminaci\u00f3n nos da seguridad a la poblaci\u00f3n. Esta es la ruta salvavidas, as\u00ed que muy contenta. Es una pol\u00edtica que implement\u00f3 el ministro Dar\u00edo Monteros con el acompa\u00f1amiento de las directivas de nuestro gobierno\u201d.<\/p>\n\n\n\n<p>Por su parte, el comisionado comunal de San Pablo y Villa Nougu\u00e9s, Miguel Gonz\u00e1lez, se\u00f1al\u00f3: \u201cHoy se inaugura sobre ruta 301 la iluminaci\u00f3n de ciento setenta y seis luminarias en el tramo que une San Pablo con Lules, casi cuatro kil\u00f3metros. Para nosotros es un sue\u00f1o hecho realidad gracias a nuestro gobernador Osvaldo Jaldo y al trabajo del ministro Dar\u00edo Monteros. Tambi\u00e9n se repararon alrededor de doscientas luminarias en la jurisdicci\u00f3n de Lules. Esta es una obra importante para todo aquel que transita la 301 y la ex 38. Transitar de noche esta ruta es otra realidad, la gente nos dice que le hemos cambiado la vida. Con esta obra San Pablo ilumin\u00f3 siete kil\u00f3metros y medio en un a\u00f1o y nueve meses de gesti\u00f3n, junto a diez mil metros cuadrados de pavimento r\u00edgido y flexible. Nuestro gobernador siempre ha optado por mejorar la calidad de vida de los vecinos\u201d.<\/p>\n\n\n\n<figure class=\"wp-block-image size-large\"><img decoding=\"async\" src=\"https:\/\/masquenoticiastucuman.com.ar\/wp-content\/uploads\/2025\/09\/250915210111_18410-1024x682.jpeg\" alt=\"\" class=\"wp-image-45882\" \/><\/figure>\n","protected":false},"excerpt":{"rendered":"<p>El Gobernador encabez\u00f3 la inauguraci\u00f3n de obras de alumbrado p\u00fablico y pavimentaci\u00f3n en San Pablo&#8230;<\/p>\n","protected":false},"author":2,"featured_media":0,"comment_status":"open","ping_status":"open","sticky":false,"template":"","format":"standard","meta":{"footnotes":""},"categories":[2],"tags":[],"class_list":["post-45881","post","type-post","status-publish","format-standard","hentry","category-locales"],"_links":{"self":[{"href":"https:\/\/masquenoticiastucuman.com.ar\/index.php?rest_route=\/wp\/v2\/posts\/45881","targetHints":{"allow":["GET"]}}],"collection":[{"href":"https:\/\/masquenoticiastucuman.com.ar\/index.php?rest_route=\/wp\/v2\/posts"}],"about":[{"href":"https:\/\/masquenoticiastucuman.com.ar\/index.php?rest_route=\/wp\/v2\/types\/post"}],"author":[{"embeddable":true,"href":"https:\/\/masquenoticiastucuman.com.ar\/index.php?rest_route=\/wp\/v2\/users\/2"}],"replies":[{"embeddable":true,"href":"https:\/\/masquenoticiastucuman.com.ar\/index.php?rest_route=%2Fwp%2Fv2%2Fcomments&post=45881"}],"version-history":[{"count":1,"href":"https:\/\/masquenoticiastucuman.com.ar\/index.php?rest_route=\/wp\/v2\/posts\/45881\/revisions"}],"predecessor-version":[{"id":45884,"href":"https:\/\/masquenoticiastucuman.com.ar\/index.php?rest_route=\/wp\/v2\/posts\/45881\/revisions\/45884"}],"wp:attachment":[{"href":"https:\/\/masquenoticiastucuman.com.ar\/index.php?rest_route=%2Fwp%2Fv2%2Fmedia&parent=45881"}],"wp:term":[{"taxonomy":"category","embeddable":true,"href":"https:\/\/masquenoticiastucuman.com.ar\/index.php?rest_route=%2Fwp%2Fv2%2Fcategories&post=45881"},{"taxonomy":"post_tag","embeddable":true,"href":"https:\/\/masquenoticiastucuman.com.ar\/index.php?rest_route=%2Fwp%2Fv2%2Ftags&post=45881"}],"curies":[{"name":"wp","href":"https:\/\/api.w.org\/{rel}","templated":true}]}}