{"id":45885,"date":"2025-09-16T07:01:05","date_gmt":"2025-09-16T10:01:05","guid":{"rendered":"http:\/\/masquenoticiastucuman.com.ar\/?p=45885"},"modified":"2025-09-16T07:01:05","modified_gmt":"2025-09-16T10:01:05","slug":"iphone-17-pro-vs-galaxy-s25-ultra-los-dos-mejores-celulares-del-ano-cara-a-cara","status":"publish","type":"post","link":"https:\/\/masquenoticiastucuman.com.ar\/?p=45885","title":{"rendered":"iPhone 17 Pro vs. Galaxy S25 Ultra: los dos mejores celulares del a\u00f1o, cara a cara"},"content":{"rendered":"<ul>\n<li>El \u00faltimo lanzamiento de Apple reaviv\u00f3 el hist\u00f3rico duelo con Samsung en gama alta.<\/li>\n<li>Cada uno apuesta a su fortaleza: c\u00e1maras, dise\u00f1o y rendimiento. <\/li>\n<li>C\u00f3mo se comparan en caracter\u00edsticas y experiencia de uso.<\/li>\n<\/ul>","protected":false},"excerpt":{"rendered":"<p>El \u00faltimo lanzamiento de Apple reaviv\u00f3 el hist\u00f3rico duelo con Samsung en gama alta. Cada&#8230;<\/p>\n","protected":false},"author":1,"featured_media":0,"comment_status":"open","ping_status":"open","sticky":false,"template":"","format":"standard","meta":{"footnotes":""},"categories":[8],"tags":[],"class_list":["post-45885","post","type-post","status-publish","format-standard","hentry","category-tecnologia"],"_links":{"self":[{"href":"https:\/\/masquenoticiastucuman.com.ar\/index.php?rest_route=\/wp\/v2\/posts\/45885","targetHints":{"allow":["GET"]}}],"collection":[{"href":"https:\/\/masquenoticiastucuman.com.ar\/index.php?rest_route=\/wp\/v2\/posts"}],"about":[{"href":"https:\/\/masquenoticiastucuman.com.ar\/index.php?rest_route=\/wp\/v2\/types\/post"}],"author":[{"embeddable":true,"href":"https:\/\/masquenoticiastucuman.com.ar\/index.php?rest_route=\/wp\/v2\/users\/1"}],"replies":[{"embeddable":true,"href":"https:\/\/masquenoticiastucuman.com.ar\/index.php?rest_route=%2Fwp%2Fv2%2Fcomments&post=45885"}],"version-history":[{"count":0,"href":"https:\/\/masquenoticiastucuman.com.ar\/index.php?rest_route=\/wp\/v2\/posts\/45885\/revisions"}],"wp:attachment":[{"href":"https:\/\/masquenoticiastucuman.com.ar\/index.php?rest_route=%2Fwp%2Fv2%2Fmedia&parent=45885"}],"wp:term":[{"taxonomy":"category","embeddable":true,"href":"https:\/\/masquenoticiastucuman.com.ar\/index.php?rest_route=%2Fwp%2Fv2%2Fcategories&post=45885"},{"taxonomy":"post_tag","embeddable":true,"href":"https:\/\/masquenoticiastucuman.com.ar\/index.php?rest_route=%2Fwp%2Fv2%2Ftags&post=45885"}],"curies":[{"name":"wp","href":"https:\/\/api.w.org\/{rel}","templated":true}]}}