{"id":45887,"date":"2025-09-16T07:24:16","date_gmt":"2025-09-16T10:24:16","guid":{"rendered":"https:\/\/masquenoticiastucuman.com.ar\/?p=45887"},"modified":"2025-09-16T07:24:16","modified_gmt":"2025-09-16T10:24:16","slug":"medina-ruiz-participo-de-la-reunion-del-consejo-federal-de-salud","status":"publish","type":"post","link":"https:\/\/masquenoticiastucuman.com.ar\/?p=45887","title":{"rendered":"Medina Ruiz particip\u00f3 de la reuni\u00f3n del Consejo Federal de Salud"},"content":{"rendered":"\n<p>\u201cAnalizamos la sala de situaci\u00f3n del dengue y se corrobor\u00f3 que la enfermedad contin\u00faa en el pa\u00eds, principalmente en Formosa y tambi\u00e9n en la Ciudad de Buenos Aires\u201d, explic\u00f3 el ministro tucumano.<\/p>\n\n\n\n<p id=\"isPasted\">El ministro de Salud P\u00fablica,&nbsp;<strong>Luis Medina Ruiz<\/strong>, particip\u00f3 en la ciudad de Buenos Aires de una nueva reuni\u00f3n del Consejo Federal de Salud (COFESA), encabezada por el ministro de Salud de la Naci\u00f3n,&nbsp;<strong>&nbsp;Mario Lugones<\/strong>, junto a la viceministra,&nbsp;<strong>Cecilia Loccisano,<\/strong>&nbsp;y su gabinete.<\/p>\n\n\n\n<p>\u201cAnalizamos la sala de situaci\u00f3n del dengue y se corrobor\u00f3 que la enfermedad contin\u00faa en el pa\u00eds, principalmente en Formosa y tambi\u00e9n en la Ciudad de Buenos Aires\u201d, explic\u00f3 Medina Ruiz. El funcionario detall\u00f3 que durante la jornada tambi\u00e9n se abordaron diversas tem\u00e1ticas: \u201cSe trat\u00f3 la estrategia de vacunaci\u00f3n contra el sarampi\u00f3n, la situaci\u00f3n de los medicamentos de alto costo \u2014como los destinados a la atrofia medular espinal\u2014 y la articulaci\u00f3n entre el Ministerio de Salud de la Naci\u00f3n y ANSES a trav\u00e9s del programa SUMAR para fortalecer la asignaci\u00f3n por embarazo y la protecci\u00f3n social\u201d.<\/p>\n\n\n\n<p>Asimismo, indic\u00f3 que se present\u00f3 el registro de enfermedades oncol\u00f3gicas, a cargo de la directora nacional del c\u00e1ncer, Susana Blanco. \u201cCada ministro tuvo la posibilidad de expresar sus problem\u00e1ticas locales y compartir proyectos a futuro\u201d, concluy\u00f3.<\/p>\n\n\n\n<p>Durante la jornada se present\u00f3 una nueva herramienta de anticipaci\u00f3n de escenarios para la temporada de dengue 2025-2026 y se propuso una estrategia de trabajo colaborativo para sostener el estatus de pa\u00eds libre de sarampi\u00f3n. Adem\u00e1s, se puso en valor la renegociaci\u00f3n para la adquisici\u00f3n de tratamientos contra la Atrofia Muscular Espinal (AME).<\/p>\n\n\n\n<p>De cara a la nueva temporada de dengue 2025-2026, la cartera sanitaria nacional comparti\u00f3 con las autoridades jurisdiccionales una nueva herramienta que permite anticipar escenarios y desarrollar estrategias de respuesta oportuna en funci\u00f3n de la evoluci\u00f3n temprana de casos. La viceministra Loccisano, destac\u00f3 que \u201ctrabajamos mecanismos de anticipaci\u00f3n a partir del an\u00e1lisis hist\u00f3rico y comparativo de las curvas epid\u00e9micas de temporadas previas. El objetivo es poder anticipar el comportamiento de la nueva temporada de acuerdo con el n\u00famero de casos\u201d.<\/p>\n\n\n\n<p>La nueva herramienta de anticipaci\u00f3n se compone de cuatro escenarios hipot\u00e9ticos. De acuerdo con las diferentes magnitudes del brote, el modelo propone diferentes estrategias de vigilancia, prevenci\u00f3n, control y reorganizaci\u00f3n de los servicios de salud.<\/p>\n\n\n\n<h3 class=\"wp-block-heading\">Sostenibilidad en la eliminaci\u00f3n del sarampi\u00f3n<\/h3>\n\n\n\n<p>La cartera sanitaria nacional tambi\u00e9n present\u00f3 a los ministros una propuesta de trabajo coordinado para sostener la eliminaci\u00f3n del sarampi\u00f3n, rub\u00e9ola y el s\u00edndrome de rub\u00e9ola cong\u00e9nita (SRC) en el pa\u00eds. Mediante mesas focalizadas con cada jurisdicci\u00f3n, se analizar\u00e1n las estrategias y circuitos de trabajo vinculados a la vigilancia epidemiol\u00f3gica, la vigilancia laboratorial, la reorganizaci\u00f3n de los equipos de salud y la vacunaci\u00f3n. Se espera generar as\u00ed un nuevo marco de cooperaci\u00f3n y rector\u00eda para desarrollar una estrategia federal y transversal.<\/p>\n\n\n\n<p>Estas patolog\u00edas constituyen enfermedades en eliminaci\u00f3n y que, a pesar de los avances, contin\u00faan siendo un desaf\u00edo regional y mundial. La importaci\u00f3n de casos, las brechas en las coberturas y las deficiencias en la vigilancia aumentan el riesgo de reintroducci\u00f3n. La conformaci\u00f3n de estos espacios tiene como prop\u00f3sito compartir informaci\u00f3n y definir estrategias efectivas en coordinaci\u00f3n con los actores clave de las jurisdicciones.<\/p>\n\n\n\n<h3 class=\"wp-block-heading\">Atrofia Muscular Espinal<\/h3>\n\n\n\n<p>Durante el encuentro, Loccisano comparti\u00f3 los detalles del nuevo acuerdo de riesgo compartido celebrado con el laboratorio Novartis para la adquisici\u00f3n de tratamientos contra la Atrofia Muscular Espinal (AME). El Ministerio de Salud de la Naci\u00f3n comprar\u00e1 12 kits a la mitad del precio que se paga por judicializaci\u00f3n (2,1 millones de d\u00f3lares) e incluso a un valor inferior al negociado en 2023, cuando cada kit se compr\u00f3 a 1,3 millones de d\u00f3lares.<\/p>\n\n\n\n<p>Esta terapia permite tratar la AME en beb\u00e9s de hasta 9 meses, deteniendo la p\u00e9rdida de neuronas y mejorando los s\u00edntomas motores y respiratorios que provoca la enfermedad. El nuevo acuerdo establece un esquema de pago sujeto al cumplimiento de objetivos cl\u00ednicos medidos durante cuatro a\u00f1os, reduciendo as\u00ed la incertidumbre sobre la efectividad de la droga.<\/p>\n\n\n\n<h3 class=\"wp-block-heading\">Otros ejes de la agenda<\/h3>\n\n\n\n<p>El subsecretario de Institutos y Fiscalizaci\u00f3n, Enrique Rifourcat, comparti\u00f3 el trabajo que se viene desarrollando en el marco de la Red Federal de Registros de Profesionales de la Salud (REFEPS) para la visualizaci\u00f3n de profesionales habilitados y no habilitados en el Buscador Nacional de Profesionales de la Salud. Los equipos t\u00e9cnicos del Ministerio de Salud de la Naci\u00f3n est\u00e1n trabajando para integrar el buscador dentro del sitio argentina.gob.ar\/salud, indexarlo para facilitar su b\u00fasqueda y hacerlo compatible con dispositivos m\u00f3viles. El objetivo es mejorar el registro de aquellos profesionales no autorizados a ejercer por sanciones judiciales y\/o disciplinarias, agilizar la notificaci\u00f3n a las autoridades de control y facilitar el acceso a esta informaci\u00f3n.<\/p>\n\n\n\n<p>Por su parte, el subsecretario de Relaciones Sectoriales y Articulaci\u00f3n, Augusto Laur\u00eda, present\u00f3 el trabajo que se est\u00e1 llevando adelante junto con ANSES para hacer m\u00e1s eficiente y transparente el pago de Asignaciones por Embarazo (AUE). Por medio de las Resoluciones de 1273\/2024 y 259\/2025, el Programa Sumar+ qued\u00f3 establecido como fuente de informaci\u00f3n para acreditar embarazos en forma digital y autom\u00e1tica. La medida se implementar\u00e1 de manera efectiva en julio del a\u00f1o pr\u00f3ximo. Por este motivo, el funcionario destac\u00f3 que es importante que las jurisdicciones comiencen a trabajar para asegurar que se realice el registro de forma digital en el padr\u00f3n de beneficiarios del Programa Sumar+, de manera oportuna, completa y confiable; sostener la carga regular de embarazos; fortalecer la capacidad operativa de los equipos y sistemas provinciales; y ratificar o rectificar los casos observados por ANSES.<\/p>\n\n\n\n<p>Por \u00faltimo, la directora nacional del C\u00e1ncer, Susana Blanco, present\u00f3 el Sistema de Vigilancia Epidemiol\u00f3gica y Reporte del C\u00e1ncer (SIVER-Ca), uno nuevo desarrollo de la cartera sanitaria nacional que como objetivo fortalecer y visibilizar los registros de c\u00e1ncer; fomentar la capacitaci\u00f3n de recursos humanos y sistematizar la informaci\u00f3n para mejorar la planificaci\u00f3n e implementaci\u00f3n de estrategias tendientes a disminuir la carga de enfermedad. El SIVER-Ca obtiene informaci\u00f3n a partir de las estad\u00edsticas vitales (datos de mortalidad) y de los registros de c\u00e1ncer (de base hospitalaria y poblacionales). Por este motivo, Blanco convoc\u00f3 a los ministros de las jurisdicciones que se sumen a este sistema y ofreci\u00f3 la asistencia del Ministerio para colaborar con la migraci\u00f3n de datos, capacitar a los registradores y mejorar los registros.<\/p>\n","protected":false},"excerpt":{"rendered":"<p>\u201cAnalizamos la sala de situaci\u00f3n del dengue y se corrobor\u00f3 que la enfermedad contin\u00faa en&#8230;<\/p>\n","protected":false},"author":2,"featured_media":0,"comment_status":"open","ping_status":"open","sticky":false,"template":"","format":"standard","meta":{"footnotes":""},"categories":[2],"tags":[],"class_list":["post-45887","post","type-post","status-publish","format-standard","hentry","category-locales"],"_links":{"self":[{"href":"https:\/\/masquenoticiastucuman.com.ar\/index.php?rest_route=\/wp\/v2\/posts\/45887","targetHints":{"allow":["GET"]}}],"collection":[{"href":"https:\/\/masquenoticiastucuman.com.ar\/index.php?rest_route=\/wp\/v2\/posts"}],"about":[{"href":"https:\/\/masquenoticiastucuman.com.ar\/index.php?rest_route=\/wp\/v2\/types\/post"}],"author":[{"embeddable":true,"href":"https:\/\/masquenoticiastucuman.com.ar\/index.php?rest_route=\/wp\/v2\/users\/2"}],"replies":[{"embeddable":true,"href":"https:\/\/masquenoticiastucuman.com.ar\/index.php?rest_route=%2Fwp%2Fv2%2Fcomments&post=45887"}],"version-history":[{"count":1,"href":"https:\/\/masquenoticiastucuman.com.ar\/index.php?rest_route=\/wp\/v2\/posts\/45887\/revisions"}],"predecessor-version":[{"id":45889,"href":"https:\/\/masquenoticiastucuman.com.ar\/index.php?rest_route=\/wp\/v2\/posts\/45887\/revisions\/45889"}],"wp:attachment":[{"href":"https:\/\/masquenoticiastucuman.com.ar\/index.php?rest_route=%2Fwp%2Fv2%2Fmedia&parent=45887"}],"wp:term":[{"taxonomy":"category","embeddable":true,"href":"https:\/\/masquenoticiastucuman.com.ar\/index.php?rest_route=%2Fwp%2Fv2%2Fcategories&post=45887"},{"taxonomy":"post_tag","embeddable":true,"href":"https:\/\/masquenoticiastucuman.com.ar\/index.php?rest_route=%2Fwp%2Fv2%2Ftags&post=45887"}],"curies":[{"name":"wp","href":"https:\/\/api.w.org\/{rel}","templated":true}]}}