{"id":45890,"date":"2025-09-16T07:34:21","date_gmt":"2025-09-16T10:34:21","guid":{"rendered":"https:\/\/masquenoticiastucuman.com.ar\/?p=45890"},"modified":"2025-09-16T07:34:21","modified_gmt":"2025-09-16T10:34:21","slug":"incautan-marihuana-la-investigacion-comenzo-en-tucuman-y-termino-en-la-rioja","status":"publish","type":"post","link":"https:\/\/masquenoticiastucuman.com.ar\/?p=45890","title":{"rendered":"Incautan marihuana: la investigaci\u00f3n comenz\u00f3 en Tucum\u00e1n y termin\u00f3 en La Rioja"},"content":{"rendered":"\n<p>\u201cSe trabaj\u00f3 con absoluta reserva. La prioridad fue asegurar la cadena de custodia y llegar hasta quien realmente esperaba la droga\u201d, explic\u00f3 una fuente de la investigaci\u00f3n<\/p>\n\n\n\n<p id=\"isPasted\">Un control de rutina termin\u00f3 abriendo una investigaci\u00f3n federal que cruz\u00f3 la frontera provincial. El 9 de septiembre, en el Destacamento Cabo Vallejo, sobre la Ruta Nacional 9, personal de la Direcci\u00f3n de Puestos Fronterizos de la Polic\u00eda tucumana detuvo la marcha de un transporte de encomiendas y decidi\u00f3 inspeccionar su carga. El esc\u00e1ner revel\u00f3 un paquete sospechoso y, al abrirlo, los agentes confirmaron lo que el olor ya suger\u00eda: marihuana, con un peso de 1.084,7 kilogramos.<\/p>\n\n\n\n<p>El hallazgo se enmarc\u00f3 en el&nbsp;<strong>Operativo Lapacho<\/strong>, un dispositivo implementado cuando asumi\u00f3 el gobernador&nbsp;<strong>Osvaldo Jaldo,&nbsp;<\/strong>que busca frenar el tr\u00e1fico de drogas en el l\u00edmite norte de la provincia. \u201cEra un control de rutina, pero la tecnolog\u00eda y la experiencia de los efectivos marcaron la diferencia\u201d, se\u00f1al\u00f3 un jefe policial que particip\u00f3 del procedimiento.<\/p>\n\n\n\n<p>Tras el secuestro, la Justicia Federal dispuso una&nbsp;<strong>entrega vigilada<\/strong>, recurso que permite seguir el env\u00edo hasta su destino final. Durante los d\u00edas siguientes, efectivos de Gendarmer\u00eda Nacional y de la Polic\u00eda de Tucum\u00e1n coordinaron el operativo que culmin\u00f3 este lunes en Aimogasta, La Rioja. All\u00ed, el destinatario se present\u00f3 a retirar la encomienda sin saber que lo esperaban.<\/p>\n\n\n\n<p>\u201cSe trabaj\u00f3 con absoluta reserva. La prioridad fue asegurar la cadena de custodia y llegar hasta quien realmente esperaba la droga\u201d, explic\u00f3 una fuente de la investigaci\u00f3n. Al hombre lo detuvieron en la v\u00eda p\u00fablica. Los agentes incautaron adem\u00e1s la motocicleta en la que circulaba y el tel\u00e9fono celular que portaba.<\/p>\n\n\n\n<p>La causa qued\u00f3 bajo la \u00f3rbita del&nbsp;<strong>Juzgado Federal N.\u00ba 1 de Tucum\u00e1n<\/strong>, que orden\u00f3 nuevas diligencias para determinar si se trataba de un eslab\u00f3n aislado o de una red m\u00e1s amplia. Voceros judiciales adelantaron que se analiza el recorrido completo del paquete y las comunicaciones registradas en el tel\u00e9fono incautado.<\/p>\n\n\n\n<p>\u201cEste tipo de controles demuestran que las fronteras interiores tambi\u00e9n son clave\u201d, apunt\u00f3 un funcionario policial. Por ahora, la investigaci\u00f3n sigue abierta y el detenido permanece a disposici\u00f3n de la Justicia Federal.<\/p>\n","protected":false},"excerpt":{"rendered":"<p>\u201cSe trabaj\u00f3 con absoluta reserva. La prioridad fue asegurar la cadena de custodia y llegar&#8230;<\/p>\n","protected":false},"author":2,"featured_media":0,"comment_status":"open","ping_status":"open","sticky":false,"template":"","format":"standard","meta":{"footnotes":""},"categories":[2],"tags":[],"class_list":["post-45890","post","type-post","status-publish","format-standard","hentry","category-locales"],"_links":{"self":[{"href":"https:\/\/masquenoticiastucuman.com.ar\/index.php?rest_route=\/wp\/v2\/posts\/45890","targetHints":{"allow":["GET"]}}],"collection":[{"href":"https:\/\/masquenoticiastucuman.com.ar\/index.php?rest_route=\/wp\/v2\/posts"}],"about":[{"href":"https:\/\/masquenoticiastucuman.com.ar\/index.php?rest_route=\/wp\/v2\/types\/post"}],"author":[{"embeddable":true,"href":"https:\/\/masquenoticiastucuman.com.ar\/index.php?rest_route=\/wp\/v2\/users\/2"}],"replies":[{"embeddable":true,"href":"https:\/\/masquenoticiastucuman.com.ar\/index.php?rest_route=%2Fwp%2Fv2%2Fcomments&post=45890"}],"version-history":[{"count":1,"href":"https:\/\/masquenoticiastucuman.com.ar\/index.php?rest_route=\/wp\/v2\/posts\/45890\/revisions"}],"predecessor-version":[{"id":45892,"href":"https:\/\/masquenoticiastucuman.com.ar\/index.php?rest_route=\/wp\/v2\/posts\/45890\/revisions\/45892"}],"wp:attachment":[{"href":"https:\/\/masquenoticiastucuman.com.ar\/index.php?rest_route=%2Fwp%2Fv2%2Fmedia&parent=45890"}],"wp:term":[{"taxonomy":"category","embeddable":true,"href":"https:\/\/masquenoticiastucuman.com.ar\/index.php?rest_route=%2Fwp%2Fv2%2Fcategories&post=45890"},{"taxonomy":"post_tag","embeddable":true,"href":"https:\/\/masquenoticiastucuman.com.ar\/index.php?rest_route=%2Fwp%2Fv2%2Ftags&post=45890"}],"curies":[{"name":"wp","href":"https:\/\/api.w.org\/{rel}","templated":true}]}}