{"id":45909,"date":"2025-09-16T10:50:12","date_gmt":"2025-09-16T13:50:12","guid":{"rendered":"https:\/\/masquenoticiastucuman.com.ar\/?p=45909"},"modified":"2025-09-16T10:50:12","modified_gmt":"2025-09-16T13:50:12","slug":"donde-voto-elecciones-2025-ya-se-puede-consultar-el-padron-definitivo","status":"publish","type":"post","link":"https:\/\/masquenoticiastucuman.com.ar\/?p=45909","title":{"rendered":"D\u00f3nde voto elecciones 2025: ya se puede consultar el padr\u00f3n definitivo"},"content":{"rendered":"\n<p>Los argentinos podr\u00e1n consultar el padr\u00f3n a trav\u00e9s de la web oficial o bien, desde un chatbot en WhatsApp<\/p>\n\n\n\n<p>La&nbsp;<strong>C\u00e1mara Nacional Electoral (CNE)<\/strong>&nbsp;confirm\u00f3 que, desde este martes 16 de septiembre, se encuentra a disposici\u00f3n de la ciudadan\u00eda el padr\u00f3n definitivo para las elecciones nacionales de octubre de 2025<strong>.<\/strong><\/p>\n\n\n\n<p>As\u00ed, los ciudadanos ya cuentan con acceso a la informaci\u00f3n pormenorizada sobre su lugar de votaci\u00f3n.<\/p>\n\n\n\n<p>Como cada a\u00f1o electoral, la fecha de publicaci\u00f3n del padr\u00f3n definitivo fue establecida en el cronograma electoral anual que coordina la CNE.<\/p>\n\n\n\n<p>Seg\u00fan este documento, el pr\u00f3ximo 21 de septiembre se dar\u00e1 comienzo a la campa\u00f1a electoral en medios de comunicaci\u00f3n audiovisual.<\/p>\n\n\n\n<p>Cabe destacar que los electores&nbsp;<strong>tiene tiempo hasta el 26 de septiembre para subsanar errores u omisiones<\/strong>&nbsp;existentes en el padr\u00f3n definitivo publicado.<\/p>\n\n\n\n<p><a href=\"https:\/\/www.padron.gov.ar\">https:\/\/www.padron.gov.ar<\/a><\/p>\n","protected":false},"excerpt":{"rendered":"<p>Los argentinos podr\u00e1n consultar el padr\u00f3n a trav\u00e9s de la web oficial o bien, desde&#8230;<\/p>\n","protected":false},"author":2,"featured_media":0,"comment_status":"open","ping_status":"open","sticky":false,"template":"","format":"standard","meta":{"footnotes":""},"categories":[3],"tags":[],"class_list":["post-45909","post","type-post","status-publish","format-standard","hentry","category-nacionales"],"_links":{"self":[{"href":"https:\/\/masquenoticiastucuman.com.ar\/index.php?rest_route=\/wp\/v2\/posts\/45909","targetHints":{"allow":["GET"]}}],"collection":[{"href":"https:\/\/masquenoticiastucuman.com.ar\/index.php?rest_route=\/wp\/v2\/posts"}],"about":[{"href":"https:\/\/masquenoticiastucuman.com.ar\/index.php?rest_route=\/wp\/v2\/types\/post"}],"author":[{"embeddable":true,"href":"https:\/\/masquenoticiastucuman.com.ar\/index.php?rest_route=\/wp\/v2\/users\/2"}],"replies":[{"embeddable":true,"href":"https:\/\/masquenoticiastucuman.com.ar\/index.php?rest_route=%2Fwp%2Fv2%2Fcomments&post=45909"}],"version-history":[{"count":1,"href":"https:\/\/masquenoticiastucuman.com.ar\/index.php?rest_route=\/wp\/v2\/posts\/45909\/revisions"}],"predecessor-version":[{"id":45911,"href":"https:\/\/masquenoticiastucuman.com.ar\/index.php?rest_route=\/wp\/v2\/posts\/45909\/revisions\/45911"}],"wp:attachment":[{"href":"https:\/\/masquenoticiastucuman.com.ar\/index.php?rest_route=%2Fwp%2Fv2%2Fmedia&parent=45909"}],"wp:term":[{"taxonomy":"category","embeddable":true,"href":"https:\/\/masquenoticiastucuman.com.ar\/index.php?rest_route=%2Fwp%2Fv2%2Fcategories&post=45909"},{"taxonomy":"post_tag","embeddable":true,"href":"https:\/\/masquenoticiastucuman.com.ar\/index.php?rest_route=%2Fwp%2Fv2%2Ftags&post=45909"}],"curies":[{"name":"wp","href":"https:\/\/api.w.org\/{rel}","templated":true}]}}