{"id":45932,"date":"2025-09-16T14:01:06","date_gmt":"2025-09-16T17:01:06","guid":{"rendered":"http:\/\/masquenoticiastucuman.com.ar\/?p=45932"},"modified":"2025-09-16T14:01:06","modified_gmt":"2025-09-16T17:01:06","slug":"velez-vs-racing-por-la-copa-libertadores-hoy-en-vivo-a-que-hora-es-y-donde-verlo","status":"publish","type":"post","link":"https:\/\/masquenoticiastucuman.com.ar\/?p=45932","title":{"rendered":"V\u00e9lez vs. Racing, por la Copa Libertadores hoy, EN VIVO: a qu\u00e9 hora es y d\u00f3nde verlo"},"content":{"rendered":"<ul>\n<li>El Fort\u00edn y la Academia juegan el primer chico del mata-mata para ver qui\u00e9n pasa a semifinales.<\/li>\n<li>Desde las 19, en el Jos\u00e9 Amalfitani.<\/li>\n<\/ul>","protected":false},"excerpt":{"rendered":"<p>El Fort\u00edn y la Academia juegan el primer chico del mata-mata para ver qui\u00e9n pasa&#8230;<\/p>\n","protected":false},"author":1,"featured_media":0,"comment_status":"open","ping_status":"open","sticky":false,"template":"","format":"standard","meta":{"footnotes":""},"categories":[6],"tags":[],"class_list":["post-45932","post","type-post","status-publish","format-standard","hentry","category-deportes"],"_links":{"self":[{"href":"https:\/\/masquenoticiastucuman.com.ar\/index.php?rest_route=\/wp\/v2\/posts\/45932","targetHints":{"allow":["GET"]}}],"collection":[{"href":"https:\/\/masquenoticiastucuman.com.ar\/index.php?rest_route=\/wp\/v2\/posts"}],"about":[{"href":"https:\/\/masquenoticiastucuman.com.ar\/index.php?rest_route=\/wp\/v2\/types\/post"}],"author":[{"embeddable":true,"href":"https:\/\/masquenoticiastucuman.com.ar\/index.php?rest_route=\/wp\/v2\/users\/1"}],"replies":[{"embeddable":true,"href":"https:\/\/masquenoticiastucuman.com.ar\/index.php?rest_route=%2Fwp%2Fv2%2Fcomments&post=45932"}],"version-history":[{"count":0,"href":"https:\/\/masquenoticiastucuman.com.ar\/index.php?rest_route=\/wp\/v2\/posts\/45932\/revisions"}],"wp:attachment":[{"href":"https:\/\/masquenoticiastucuman.com.ar\/index.php?rest_route=%2Fwp%2Fv2%2Fmedia&parent=45932"}],"wp:term":[{"taxonomy":"category","embeddable":true,"href":"https:\/\/masquenoticiastucuman.com.ar\/index.php?rest_route=%2Fwp%2Fv2%2Fcategories&post=45932"},{"taxonomy":"post_tag","embeddable":true,"href":"https:\/\/masquenoticiastucuman.com.ar\/index.php?rest_route=%2Fwp%2Fv2%2Ftags&post=45932"}],"curies":[{"name":"wp","href":"https:\/\/api.w.org\/{rel}","templated":true}]}}