{"id":45944,"date":"2025-09-16T16:01:07","date_gmt":"2025-09-16T19:01:07","guid":{"rendered":"http:\/\/masquenoticiastucuman.com.ar\/?p=45944"},"modified":"2025-09-16T16:01:07","modified_gmt":"2025-09-16T19:01:07","slug":"franco-colapinto-hablo-con-el-canal-de-la-formula-1-a-un-ano-de-su-llegada-al-gran-circo-sus-ganas-de-seguir-y-quien-es-su-piloto-mas-cercano","status":"publish","type":"post","link":"https:\/\/masquenoticiastucuman.com.ar\/?p=45944","title":{"rendered":"Franco Colapinto habl\u00f3 con el canal de la F\u00f3rmula 1 a un a\u00f1o de su llegada al Gran Circo: sus ganas de seguir y qui\u00e9n es su piloto &#8220;m\u00e1s cercano&#8221;"},"content":{"rendered":"<ul>\n<li>El argentino se prepara para saltar a la pista con su Alpine en el GP de Azerbaiy\u00e1n .<\/li>\n<li>Todav\u00eda no sum\u00f3 puntos con la escuder\u00eda francesa y sue\u00f1a hacerlo en Bak\u00fa.<\/li>\n<li>&#8220;Humilde, cari\u00f1oso y apasionado&#8221;, se defini\u00f3, en una entrevista \u00edntima.<\/li>\n<\/ul>","protected":false},"excerpt":{"rendered":"<p>El argentino se prepara para saltar a la pista con su Alpine en el GP&#8230;<\/p>\n","protected":false},"author":1,"featured_media":0,"comment_status":"open","ping_status":"open","sticky":false,"template":"","format":"standard","meta":{"footnotes":""},"categories":[6],"tags":[],"class_list":["post-45944","post","type-post","status-publish","format-standard","hentry","category-deportes"],"_links":{"self":[{"href":"https:\/\/masquenoticiastucuman.com.ar\/index.php?rest_route=\/wp\/v2\/posts\/45944","targetHints":{"allow":["GET"]}}],"collection":[{"href":"https:\/\/masquenoticiastucuman.com.ar\/index.php?rest_route=\/wp\/v2\/posts"}],"about":[{"href":"https:\/\/masquenoticiastucuman.com.ar\/index.php?rest_route=\/wp\/v2\/types\/post"}],"author":[{"embeddable":true,"href":"https:\/\/masquenoticiastucuman.com.ar\/index.php?rest_route=\/wp\/v2\/users\/1"}],"replies":[{"embeddable":true,"href":"https:\/\/masquenoticiastucuman.com.ar\/index.php?rest_route=%2Fwp%2Fv2%2Fcomments&post=45944"}],"version-history":[{"count":0,"href":"https:\/\/masquenoticiastucuman.com.ar\/index.php?rest_route=\/wp\/v2\/posts\/45944\/revisions"}],"wp:attachment":[{"href":"https:\/\/masquenoticiastucuman.com.ar\/index.php?rest_route=%2Fwp%2Fv2%2Fmedia&parent=45944"}],"wp:term":[{"taxonomy":"category","embeddable":true,"href":"https:\/\/masquenoticiastucuman.com.ar\/index.php?rest_route=%2Fwp%2Fv2%2Fcategories&post=45944"},{"taxonomy":"post_tag","embeddable":true,"href":"https:\/\/masquenoticiastucuman.com.ar\/index.php?rest_route=%2Fwp%2Fv2%2Ftags&post=45944"}],"curies":[{"name":"wp","href":"https:\/\/api.w.org\/{rel}","templated":true}]}}