{"id":45950,"date":"2025-09-16T17:01:03","date_gmt":"2025-09-16T20:01:03","guid":{"rendered":"http:\/\/masquenoticiastucuman.com.ar\/?p=45950"},"modified":"2025-09-16T17:01:03","modified_gmt":"2025-09-16T20:01:03","slug":"mejoro-el-precio-de-la-soja-y-las-ventas-fluyen-mas-rapido-que-las-de-maiz","status":"publish","type":"post","link":"https:\/\/masquenoticiastucuman.com.ar\/?p=45950","title":{"rendered":"Mejor\u00f3 el precio de la soja y las ventas fluyen m\u00e1s r\u00e1pido que las de ma\u00edz"},"content":{"rendered":"<ul>\n<li>Ya se vendi\u00f3 el 61 por ciento de la soja y 56 por ciento del ma\u00edz.<\/li>\n<li>Un an\u00e1lisis de la Bolsa de Cereales de C\u00f3rdoba explica que hoy una tonelada de soja compra 1,7 toneladas de ma\u00edz.<\/li>\n<\/ul>","protected":false},"excerpt":{"rendered":"<p>Ya se vendi\u00f3 el 61 por ciento de la soja y 56 por ciento del&#8230;<\/p>\n","protected":false},"author":1,"featured_media":0,"comment_status":"open","ping_status":"open","sticky":false,"template":"","format":"standard","meta":{"footnotes":""},"categories":[],"tags":[],"class_list":["post-45950","post","type-post","status-publish","format-standard","hentry"],"_links":{"self":[{"href":"https:\/\/masquenoticiastucuman.com.ar\/index.php?rest_route=\/wp\/v2\/posts\/45950","targetHints":{"allow":["GET"]}}],"collection":[{"href":"https:\/\/masquenoticiastucuman.com.ar\/index.php?rest_route=\/wp\/v2\/posts"}],"about":[{"href":"https:\/\/masquenoticiastucuman.com.ar\/index.php?rest_route=\/wp\/v2\/types\/post"}],"author":[{"embeddable":true,"href":"https:\/\/masquenoticiastucuman.com.ar\/index.php?rest_route=\/wp\/v2\/users\/1"}],"replies":[{"embeddable":true,"href":"https:\/\/masquenoticiastucuman.com.ar\/index.php?rest_route=%2Fwp%2Fv2%2Fcomments&post=45950"}],"version-history":[{"count":0,"href":"https:\/\/masquenoticiastucuman.com.ar\/index.php?rest_route=\/wp\/v2\/posts\/45950\/revisions"}],"wp:attachment":[{"href":"https:\/\/masquenoticiastucuman.com.ar\/index.php?rest_route=%2Fwp%2Fv2%2Fmedia&parent=45950"}],"wp:term":[{"taxonomy":"category","embeddable":true,"href":"https:\/\/masquenoticiastucuman.com.ar\/index.php?rest_route=%2Fwp%2Fv2%2Fcategories&post=45950"},{"taxonomy":"post_tag","embeddable":true,"href":"https:\/\/masquenoticiastucuman.com.ar\/index.php?rest_route=%2Fwp%2Fv2%2Ftags&post=45950"}],"curies":[{"name":"wp","href":"https:\/\/api.w.org\/{rel}","templated":true}]}}