{"id":45960,"date":"2025-09-16T18:53:48","date_gmt":"2025-09-16T21:53:48","guid":{"rendered":"https:\/\/masquenoticiastucuman.com.ar\/?p=45960"},"modified":"2025-09-16T18:53:49","modified_gmt":"2025-09-16T21:53:49","slug":"comenzo-el-traslado-de-presos-a-las-nuevas-unidades-del-penal-benjamin-paz","status":"publish","type":"post","link":"https:\/\/masquenoticiastucuman.com.ar\/?p=45960","title":{"rendered":"Comenz\u00f3 el traslado de presos a las nuevas unidades del penal Benjam\u00edn Paz"},"content":{"rendered":"\n<p>Del operativo participaron aproximadamente 70 efectivos, 15 m\u00f3viles y personal de la Direcci\u00f3n de Unidades Especiales.<\/p>\n\n\n\n<p id=\"isPasted\">Durante la jornada de este martes, trasladaron a personas privadas de su libertad que estaban alojadas en comisar\u00edas de la Capital y en la Divisi\u00f3n Homicidios, al recientemente inaugurado, segundo sector del Complejo Penitenciario Benjam\u00edn Paz.&nbsp;<\/p>\n\n\n\n<p>En ese aspecto, el director del mencionado Penal, comisario inspector,&nbsp;<strong>Ra\u00fal Meli\u00e1n,<\/strong>&nbsp;expres\u00f3: \u201cEn cumplimiento por lo ordenado por el gobernador,&nbsp;<strong>Osvaldo Jaldo,<\/strong>&nbsp;trasladamos a los primeros internos a las nuevas unidades que fueron inauguradas este martes a trav\u00e9s de un acto\u201d.<\/p>\n\n\n\n<p>Asimismo, a\u00f1adi\u00f3: \u201cPor cuestiones operativas, diariamente vamos coordinando con el personal policial el n\u00famero de reclusos a trasladar desde comisar\u00edas de la Capital\u201d. &nbsp;<\/p>\n\n\n\n<p>En su turno, el subdirector de Unidades Especiales, comisario mayor,&nbsp;<strong>Daniel Robles,<\/strong>&nbsp;argument\u00f3: \u201cEn la jornada de hoy, se ha dejado inaugurado el segundo sector del Penal Benjam\u00edn Paz, que tendr\u00e1 capacidad para 800 interno. Adem\u00e1s, realizamos el primer traslado de 20 internos\u201d.<\/p>\n\n\n\n<p>Tambi\u00e9n, asegur\u00f3 que, del operativo participaron aproximadamente 70 efectivos, 15 m\u00f3viles y personal de la Direcci\u00f3n de Unidades Especiales. Finalmente, agradeci\u00f3 a la Direcci\u00f3n de Prevenci\u00f3n Ciudadana, a la Direcci\u00f3n Bomberos y al SIPROSA porque colaboraron con el trasladado.<\/p>\n","protected":false},"excerpt":{"rendered":"<p>Del operativo participaron aproximadamente 70 efectivos, 15 m\u00f3viles y personal de la Direcci\u00f3n de Unidades&#8230;<\/p>\n","protected":false},"author":2,"featured_media":0,"comment_status":"open","ping_status":"open","sticky":false,"template":"","format":"standard","meta":{"footnotes":""},"categories":[2],"tags":[],"class_list":["post-45960","post","type-post","status-publish","format-standard","hentry","category-locales"],"_links":{"self":[{"href":"https:\/\/masquenoticiastucuman.com.ar\/index.php?rest_route=\/wp\/v2\/posts\/45960","targetHints":{"allow":["GET"]}}],"collection":[{"href":"https:\/\/masquenoticiastucuman.com.ar\/index.php?rest_route=\/wp\/v2\/posts"}],"about":[{"href":"https:\/\/masquenoticiastucuman.com.ar\/index.php?rest_route=\/wp\/v2\/types\/post"}],"author":[{"embeddable":true,"href":"https:\/\/masquenoticiastucuman.com.ar\/index.php?rest_route=\/wp\/v2\/users\/2"}],"replies":[{"embeddable":true,"href":"https:\/\/masquenoticiastucuman.com.ar\/index.php?rest_route=%2Fwp%2Fv2%2Fcomments&post=45960"}],"version-history":[{"count":1,"href":"https:\/\/masquenoticiastucuman.com.ar\/index.php?rest_route=\/wp\/v2\/posts\/45960\/revisions"}],"predecessor-version":[{"id":45962,"href":"https:\/\/masquenoticiastucuman.com.ar\/index.php?rest_route=\/wp\/v2\/posts\/45960\/revisions\/45962"}],"wp:attachment":[{"href":"https:\/\/masquenoticiastucuman.com.ar\/index.php?rest_route=%2Fwp%2Fv2%2Fmedia&parent=45960"}],"wp:term":[{"taxonomy":"category","embeddable":true,"href":"https:\/\/masquenoticiastucuman.com.ar\/index.php?rest_route=%2Fwp%2Fv2%2Fcategories&post=45960"},{"taxonomy":"post_tag","embeddable":true,"href":"https:\/\/masquenoticiastucuman.com.ar\/index.php?rest_route=%2Fwp%2Fv2%2Ftags&post=45960"}],"curies":[{"name":"wp","href":"https:\/\/api.w.org\/{rel}","templated":true}]}}