{"id":45963,"date":"2025-09-16T19:01:03","date_gmt":"2025-09-16T22:01:03","guid":{"rendered":"http:\/\/masquenoticiastucuman.com.ar\/?p=45963"},"modified":"2025-09-16T19:01:03","modified_gmt":"2025-09-16T22:01:03","slug":"tras-la-presentacion-del-presupuesto-2026-el-campo-ya-no-espera-nuevas-bajas-de-retenciones","status":"publish","type":"post","link":"https:\/\/masquenoticiastucuman.com.ar\/?p=45963","title":{"rendered":"Tras la presentaci\u00f3n del presupuesto 2026, el campo ya no espera nuevas bajas de retenciones"},"content":{"rendered":"<ul>\n<li>Los economistas del sector ven una clara se\u00f1al de que se mantendr\u00e1n las mismas al\u00edcuotas durante toda la campa\u00f1a. <\/li>\n<li>El tipo de cambio proyectado por el Gobierno genera dudas.<\/li>\n<\/ul>","protected":false},"excerpt":{"rendered":"<p>Los economistas del sector ven una clara se\u00f1al de que se mantendr\u00e1n las mismas al\u00edcuotas&#8230;<\/p>\n","protected":false},"author":1,"featured_media":0,"comment_status":"open","ping_status":"open","sticky":false,"template":"","format":"standard","meta":{"footnotes":""},"categories":[],"tags":[],"class_list":["post-45963","post","type-post","status-publish","format-standard","hentry"],"_links":{"self":[{"href":"https:\/\/masquenoticiastucuman.com.ar\/index.php?rest_route=\/wp\/v2\/posts\/45963","targetHints":{"allow":["GET"]}}],"collection":[{"href":"https:\/\/masquenoticiastucuman.com.ar\/index.php?rest_route=\/wp\/v2\/posts"}],"about":[{"href":"https:\/\/masquenoticiastucuman.com.ar\/index.php?rest_route=\/wp\/v2\/types\/post"}],"author":[{"embeddable":true,"href":"https:\/\/masquenoticiastucuman.com.ar\/index.php?rest_route=\/wp\/v2\/users\/1"}],"replies":[{"embeddable":true,"href":"https:\/\/masquenoticiastucuman.com.ar\/index.php?rest_route=%2Fwp%2Fv2%2Fcomments&post=45963"}],"version-history":[{"count":0,"href":"https:\/\/masquenoticiastucuman.com.ar\/index.php?rest_route=\/wp\/v2\/posts\/45963\/revisions"}],"wp:attachment":[{"href":"https:\/\/masquenoticiastucuman.com.ar\/index.php?rest_route=%2Fwp%2Fv2%2Fmedia&parent=45963"}],"wp:term":[{"taxonomy":"category","embeddable":true,"href":"https:\/\/masquenoticiastucuman.com.ar\/index.php?rest_route=%2Fwp%2Fv2%2Fcategories&post=45963"},{"taxonomy":"post_tag","embeddable":true,"href":"https:\/\/masquenoticiastucuman.com.ar\/index.php?rest_route=%2Fwp%2Fv2%2Ftags&post=45963"}],"curies":[{"name":"wp","href":"https:\/\/api.w.org\/{rel}","templated":true}]}}