{"id":45965,"date":"2025-09-16T19:01:05","date_gmt":"2025-09-16T22:01:05","guid":{"rendered":"http:\/\/masquenoticiastucuman.com.ar\/?p=45965"},"modified":"2025-09-16T19:01:05","modified_gmt":"2025-09-16T22:01:05","slug":"san-lorenzo-decreto-la-acefalia-y-marcelo-moretti-dejo-de-ser-el-presidente-quien-gobierna-ahora-y-el-posible-llamado-a-elecciones","status":"publish","type":"post","link":"https:\/\/masquenoticiastucuman.com.ar\/?p=45965","title":{"rendered":"San Lorenzo decret\u00f3 la acefal\u00eda y Marcelo Moretti dej\u00f3 de ser el presidente: qui\u00e9n gobierna ahora y el posible llamado a elecciones"},"content":{"rendered":"<ul>\n<li>Punto final para una situaci\u00f3n que se ven\u00eda estirando y hac\u00eda ingobernable al club de Boedo.<\/li>\n<li>Una reuni\u00f3n de la comisi\u00f3n directiva termin\u00f3 con el ciclo de Moretti y ahora se abre un nuevo cap\u00edtulo.<\/li>\n<\/ul>","protected":false},"excerpt":{"rendered":"<p>Punto final para una situaci\u00f3n que se ven\u00eda estirando y hac\u00eda ingobernable al club de&#8230;<\/p>\n","protected":false},"author":1,"featured_media":0,"comment_status":"open","ping_status":"open","sticky":false,"template":"","format":"standard","meta":{"footnotes":""},"categories":[6],"tags":[],"class_list":["post-45965","post","type-post","status-publish","format-standard","hentry","category-deportes"],"_links":{"self":[{"href":"https:\/\/masquenoticiastucuman.com.ar\/index.php?rest_route=\/wp\/v2\/posts\/45965","targetHints":{"allow":["GET"]}}],"collection":[{"href":"https:\/\/masquenoticiastucuman.com.ar\/index.php?rest_route=\/wp\/v2\/posts"}],"about":[{"href":"https:\/\/masquenoticiastucuman.com.ar\/index.php?rest_route=\/wp\/v2\/types\/post"}],"author":[{"embeddable":true,"href":"https:\/\/masquenoticiastucuman.com.ar\/index.php?rest_route=\/wp\/v2\/users\/1"}],"replies":[{"embeddable":true,"href":"https:\/\/masquenoticiastucuman.com.ar\/index.php?rest_route=%2Fwp%2Fv2%2Fcomments&post=45965"}],"version-history":[{"count":0,"href":"https:\/\/masquenoticiastucuman.com.ar\/index.php?rest_route=\/wp\/v2\/posts\/45965\/revisions"}],"wp:attachment":[{"href":"https:\/\/masquenoticiastucuman.com.ar\/index.php?rest_route=%2Fwp%2Fv2%2Fmedia&parent=45965"}],"wp:term":[{"taxonomy":"category","embeddable":true,"href":"https:\/\/masquenoticiastucuman.com.ar\/index.php?rest_route=%2Fwp%2Fv2%2Fcategories&post=45965"},{"taxonomy":"post_tag","embeddable":true,"href":"https:\/\/masquenoticiastucuman.com.ar\/index.php?rest_route=%2Fwp%2Fv2%2Ftags&post=45965"}],"curies":[{"name":"wp","href":"https:\/\/api.w.org\/{rel}","templated":true}]}}