{"id":45985,"date":"2025-09-17T02:01:04","date_gmt":"2025-09-17T05:01:04","guid":{"rendered":"http:\/\/masquenoticiastucuman.com.ar\/?p=45985"},"modified":"2025-09-17T02:01:04","modified_gmt":"2025-09-17T05:01:04","slug":"dolor-en-san-lorenzo-murio-oscar-calics-un-simbolo-indiscutido-de-los-matadores-de-1968-y-mundialista-con-la-seleccion-argentina","status":"publish","type":"post","link":"https:\/\/masquenoticiastucuman.com.ar\/?p=45985","title":{"rendered":"Dolor en San Lorenzo: muri\u00f3 Oscar Calics, un s\u00edmbolo indiscutido de Los Matadores de 1968 y mundialista con la Selecci\u00f3n Argentina"},"content":{"rendered":"<ul>\n<li>Fue el marcador central durante 120 partidos con la camiseta azulgrana.<\/li>\n<li>Adem\u00e1s, jug\u00f3 el Mundial de Inglaterra 1966 con la Albiceleste.<\/li>\n<\/ul>","protected":false},"excerpt":{"rendered":"<p>Fue el marcador central durante 120 partidos con la camiseta azulgrana. Adem\u00e1s, jug\u00f3 el Mundial&#8230;<\/p>\n","protected":false},"author":1,"featured_media":0,"comment_status":"open","ping_status":"open","sticky":false,"template":"","format":"standard","meta":{"footnotes":""},"categories":[6],"tags":[],"class_list":["post-45985","post","type-post","status-publish","format-standard","hentry","category-deportes"],"_links":{"self":[{"href":"https:\/\/masquenoticiastucuman.com.ar\/index.php?rest_route=\/wp\/v2\/posts\/45985","targetHints":{"allow":["GET"]}}],"collection":[{"href":"https:\/\/masquenoticiastucuman.com.ar\/index.php?rest_route=\/wp\/v2\/posts"}],"about":[{"href":"https:\/\/masquenoticiastucuman.com.ar\/index.php?rest_route=\/wp\/v2\/types\/post"}],"author":[{"embeddable":true,"href":"https:\/\/masquenoticiastucuman.com.ar\/index.php?rest_route=\/wp\/v2\/users\/1"}],"replies":[{"embeddable":true,"href":"https:\/\/masquenoticiastucuman.com.ar\/index.php?rest_route=%2Fwp%2Fv2%2Fcomments&post=45985"}],"version-history":[{"count":0,"href":"https:\/\/masquenoticiastucuman.com.ar\/index.php?rest_route=\/wp\/v2\/posts\/45985\/revisions"}],"wp:attachment":[{"href":"https:\/\/masquenoticiastucuman.com.ar\/index.php?rest_route=%2Fwp%2Fv2%2Fmedia&parent=45985"}],"wp:term":[{"taxonomy":"category","embeddable":true,"href":"https:\/\/masquenoticiastucuman.com.ar\/index.php?rest_route=%2Fwp%2Fv2%2Fcategories&post=45985"},{"taxonomy":"post_tag","embeddable":true,"href":"https:\/\/masquenoticiastucuman.com.ar\/index.php?rest_route=%2Fwp%2Fv2%2Ftags&post=45985"}],"curies":[{"name":"wp","href":"https:\/\/api.w.org\/{rel}","templated":true}]}}