{"id":45987,"date":"2025-09-17T03:01:04","date_gmt":"2025-09-17T06:01:04","guid":{"rendered":"http:\/\/masquenoticiastucuman.com.ar\/?p=45987"},"modified":"2025-09-17T03:01:04","modified_gmt":"2025-09-17T06:01:04","slug":"guillermo-barros-schelotto-contra-el-var-y-desafiante-para-la-revancha-con-racing-soy-toro-en-mi-rodeo-y-torazo-en-rodeo-ajeno","status":"publish","type":"post","link":"https:\/\/masquenoticiastucuman.com.ar\/?p=45987","title":{"rendered":"Guillermo Barros Schelotto, contra el VAR y desafiante para la revancha con Racing: &#8220;Soy toro en mi rodeo y torazo en rodeo ajeno&#8221;"},"content":{"rendered":"<ul>\n<li>El DT de V\u00e9lez habl\u00f3 en conferencia sobre las pol\u00e9micas de la ida de los cuartos de la Libertadores.<\/li>\n<li>&#8220;Espero que la racha se corte antes del martes&#8221;, ironiz\u00f3, y se despidi\u00f3 con una cita del Mart\u00edn Fierro.<\/li>\n<\/ul>","protected":false},"excerpt":{"rendered":"<p>El DT de V\u00e9lez habl\u00f3 en conferencia sobre las pol\u00e9micas de la ida de los&#8230;<\/p>\n","protected":false},"author":1,"featured_media":0,"comment_status":"open","ping_status":"open","sticky":false,"template":"","format":"standard","meta":{"footnotes":""},"categories":[6],"tags":[],"class_list":["post-45987","post","type-post","status-publish","format-standard","hentry","category-deportes"],"_links":{"self":[{"href":"https:\/\/masquenoticiastucuman.com.ar\/index.php?rest_route=\/wp\/v2\/posts\/45987","targetHints":{"allow":["GET"]}}],"collection":[{"href":"https:\/\/masquenoticiastucuman.com.ar\/index.php?rest_route=\/wp\/v2\/posts"}],"about":[{"href":"https:\/\/masquenoticiastucuman.com.ar\/index.php?rest_route=\/wp\/v2\/types\/post"}],"author":[{"embeddable":true,"href":"https:\/\/masquenoticiastucuman.com.ar\/index.php?rest_route=\/wp\/v2\/users\/1"}],"replies":[{"embeddable":true,"href":"https:\/\/masquenoticiastucuman.com.ar\/index.php?rest_route=%2Fwp%2Fv2%2Fcomments&post=45987"}],"version-history":[{"count":0,"href":"https:\/\/masquenoticiastucuman.com.ar\/index.php?rest_route=\/wp\/v2\/posts\/45987\/revisions"}],"wp:attachment":[{"href":"https:\/\/masquenoticiastucuman.com.ar\/index.php?rest_route=%2Fwp%2Fv2%2Fmedia&parent=45987"}],"wp:term":[{"taxonomy":"category","embeddable":true,"href":"https:\/\/masquenoticiastucuman.com.ar\/index.php?rest_route=%2Fwp%2Fv2%2Fcategories&post=45987"},{"taxonomy":"post_tag","embeddable":true,"href":"https:\/\/masquenoticiastucuman.com.ar\/index.php?rest_route=%2Fwp%2Fv2%2Ftags&post=45987"}],"curies":[{"name":"wp","href":"https:\/\/api.w.org\/{rel}","templated":true}]}}