{"id":45991,"date":"2025-09-17T06:56:36","date_gmt":"2025-09-17T09:56:36","guid":{"rendered":"https:\/\/masquenoticiastucuman.com.ar\/?p=45991"},"modified":"2025-09-17T06:56:37","modified_gmt":"2025-09-17T09:56:37","slug":"jaldo-tucuman-tendra-un-aeropuerto-nuevo-con-una-inversion-de-ud-50-millones","status":"publish","type":"post","link":"https:\/\/masquenoticiastucuman.com.ar\/?p=45991","title":{"rendered":"Jaldo: \u201cTucum\u00e1n tendr\u00e1 un aeropuerto nuevo con una inversi\u00f3n de U$D 50 millones\u201d"},"content":{"rendered":"\n<p>Destac\u00f3 la incorporaci\u00f3n a Tucum\u00e1n de vuelos de aerol\u00edneas globales como COPA y LATAM.<\/p>\n\n\n\n<p id=\"isPasted\">El gobernador&nbsp;<strong>Osvaldo Jaldo<\/strong>&nbsp;evalu\u00f3 el desarrollo de proyectos de infraestructura en Tucum\u00e1n, con especial referencia a la remodelaci\u00f3n del Aeropuerto Internacional Benjam\u00edn Matienzo.<\/p>\n\n\n\n<p>\u201cEl sobre de la oferta de la remodelaci\u00f3n a nueva del Aeropuerto Internacional Benjam\u00edn Matienzo es una obra de m\u00e1s de 50 millones de d\u00f3lares y hoy se est\u00e1n abriendo las propuestas y seguramente que en la semana que viene se va a adjudicar esa obra. Estamos hablando de un aeropuerto nuevo. La verdad que he tenido la posibilidad de ver los planos y la verdad que es un aeropuerto que realmente los tucumanos nos merecemos\u201d, afirm\u00f3.<\/p>\n\n\n\n<figure class=\"wp-block-image size-large\"><img decoding=\"async\" src=\"https:\/\/masquenoticiastucuman.com.ar\/wp-content\/uploads\/2025\/09\/250916135126_76035-1024x682.jpg\" alt=\"\" class=\"wp-image-45992\" \/><\/figure>\n\n\n\n<p>El mandatario provincial agreg\u00f3: \u201cSi a esto le sumamos los vuelos de cabotaje que tenemos y sumamos que empieza a volar la empresa Copa a Panam\u00e1 y de Panam\u00e1 al mundo, empieza a volar Latam de Latam a Lima, Per\u00fa y al mundo. F\u00edjense en lo que estamos evolucionando en la provincia de Tucum\u00e1n. Para que venga Copa, una de las empresas de aeronavegaci\u00f3n m\u00e1s importantes del mundo, tiene que estar viendo algo en Tucum\u00e1n. Y para que vuelva Latam, porque ya estuvo y dej\u00f3 de operar por problemas no de la empresa sino de quienes gobernaban. Hoy Latam vuelve a Tucum\u00e1n, o sea que desde afuera nos est\u00e1n empezando a mirar de nuevo y esto es lo importante\u201d.<\/p>\n","protected":false},"excerpt":{"rendered":"<p>Destac\u00f3 la incorporaci\u00f3n a Tucum\u00e1n de vuelos de aerol\u00edneas globales como COPA y LATAM. El&#8230;<\/p>\n","protected":false},"author":2,"featured_media":0,"comment_status":"open","ping_status":"open","sticky":false,"template":"","format":"standard","meta":{"footnotes":""},"categories":[2],"tags":[],"class_list":["post-45991","post","type-post","status-publish","format-standard","hentry","category-locales"],"_links":{"self":[{"href":"https:\/\/masquenoticiastucuman.com.ar\/index.php?rest_route=\/wp\/v2\/posts\/45991","targetHints":{"allow":["GET"]}}],"collection":[{"href":"https:\/\/masquenoticiastucuman.com.ar\/index.php?rest_route=\/wp\/v2\/posts"}],"about":[{"href":"https:\/\/masquenoticiastucuman.com.ar\/index.php?rest_route=\/wp\/v2\/types\/post"}],"author":[{"embeddable":true,"href":"https:\/\/masquenoticiastucuman.com.ar\/index.php?rest_route=\/wp\/v2\/users\/2"}],"replies":[{"embeddable":true,"href":"https:\/\/masquenoticiastucuman.com.ar\/index.php?rest_route=%2Fwp%2Fv2%2Fcomments&post=45991"}],"version-history":[{"count":1,"href":"https:\/\/masquenoticiastucuman.com.ar\/index.php?rest_route=\/wp\/v2\/posts\/45991\/revisions"}],"predecessor-version":[{"id":45993,"href":"https:\/\/masquenoticiastucuman.com.ar\/index.php?rest_route=\/wp\/v2\/posts\/45991\/revisions\/45993"}],"wp:attachment":[{"href":"https:\/\/masquenoticiastucuman.com.ar\/index.php?rest_route=%2Fwp%2Fv2%2Fmedia&parent=45991"}],"wp:term":[{"taxonomy":"category","embeddable":true,"href":"https:\/\/masquenoticiastucuman.com.ar\/index.php?rest_route=%2Fwp%2Fv2%2Fcategories&post=45991"},{"taxonomy":"post_tag","embeddable":true,"href":"https:\/\/masquenoticiastucuman.com.ar\/index.php?rest_route=%2Fwp%2Fv2%2Ftags&post=45991"}],"curies":[{"name":"wp","href":"https:\/\/api.w.org\/{rel}","templated":true}]}}