{"id":46002,"date":"2025-09-17T07:43:09","date_gmt":"2025-09-17T10:43:09","guid":{"rendered":"https:\/\/masquenoticiastucuman.com.ar\/?p=46002"},"modified":"2025-09-17T07:43:09","modified_gmt":"2025-09-17T10:43:09","slug":"inclusion-laboral-con-sello-tucumano-cristian-inicio-una-pasantia-en-un-hotel","status":"publish","type":"post","link":"https:\/\/masquenoticiastucuman.com.ar\/?p=46002","title":{"rendered":"Inclusi\u00f3n laboral con sello tucumano: Cristian inici\u00f3 una pasant\u00eda en un hotel"},"content":{"rendered":"\n<p>La experiencia se enmarca en el programa Acciones de Entrenamiento para el Trabajo (AET) del ministerio de Desarrollo Social.<\/p>\n\n\n\n<p id=\"isPasted\">La apuesta por una provincia m\u00e1s inclusiva tom\u00f3 forma concreta esta semana porque desde el&nbsp;<strong>\u00c1rea de Inclusi\u00f3n,&nbsp;<\/strong>dependiente de la Direcci\u00f3n de Discapacidad que conduce&nbsp;<strong>Carla S\u00e1nchez<\/strong>, y en articulaci\u00f3n con los Talleres Protegidos del Coraz\u00f3n de Jes\u00fas (COTAPRO), acompa\u00f1aron a&nbsp;<strong>Cristian Carrizo<\/strong>&nbsp;en&nbsp;<strong>el inicio de su pasant\u00eda laboral en un hotel ubicado en la zona del Parque 9 de Julio.<\/strong><\/p>\n\n\n\n<p>El paso no fue aislado. La experiencia se enmarca en el programa&nbsp;<strong>Acciones de Entrenamiento para el Trabajo (AET)<\/strong>, implementado por la Gerencia de Empleo de la provincia bajo la \u00f3rbita del Ministerio de Capital Humano de la Naci\u00f3n y articulado con Discapacidad, organismo que funciona dentro de la Secretar\u00eda de Ni\u00f1ez, Adolescencia y Familia bajo la responsabilidad de&nbsp;<strong>Graciela Sare<\/strong>, dependiente del Ministerio de Desarrollo Social, a cargo de&nbsp;<strong>Federico Masso.<\/strong><\/p>\n\n\n\n<h3 class=\"wp-block-heading\"><strong>Aunar criterios<\/strong><\/h3>\n\n\n\n<p>Las autoridades de Discapacidad sostuvieron que la meta es \u201caunar criterios y trabajar en conjunto para restituir derechos, siguiendo los lineamientos del Ejecutivo provincial que conduce el gobernador&nbsp;<strong>Osvaldo Jaldo\u201d.<\/strong>&nbsp;La pasant\u00eda de Carrizo \u201crepresenta una oportunidad real de inclusi\u00f3n, donde el acompa\u00f1amiento es clave para que las personas con discapacidad accedan al mundo laboral en condiciones de igualdad\u201d.<\/p>\n\n\n\n<p>Durante la jornada tambi\u00e9n visitaron a&nbsp;<strong>Javier Acosta (foto inferior),<\/strong>&nbsp;otro joven que ya cumple su pasant\u00eda en el mismo hotel dentro del mismo programa. \u201cEstos recorridos nos permiten verificar que los acuerdos se cumplen, pero, sobre todo, acompa\u00f1ar a los protagonistas en su proceso de aprendizaje\u201d, a\u00f1adieron desde la repartici\u00f3n.<\/p>\n\n\n\n<figure class=\"wp-block-image size-full\"><img decoding=\"async\" src=\"https:\/\/masquenoticiastucuman.com.ar\/wp-content\/uploads\/2025\/09\/250917072934_95041.jpg\" alt=\"\" class=\"wp-image-46003\" \/><\/figure>\n\n\n\n<p>Para Cristian y Javier, la pasant\u00eda significa mucho m\u00e1s que un entrenamiento: es la posibilidad de demostrar capacidad y de abrir un camino hacia el empleo registrado. Para la provincia, es una se\u00f1al de que la inclusi\u00f3n puede dejar de ser discurso y convertirse en trabajo concreto.<\/p>\n","protected":false},"excerpt":{"rendered":"<p>La experiencia se enmarca en el programa Acciones de Entrenamiento para el Trabajo (AET) del&#8230;<\/p>\n","protected":false},"author":2,"featured_media":0,"comment_status":"open","ping_status":"open","sticky":false,"template":"","format":"standard","meta":{"footnotes":""},"categories":[2],"tags":[],"class_list":["post-46002","post","type-post","status-publish","format-standard","hentry","category-locales"],"_links":{"self":[{"href":"https:\/\/masquenoticiastucuman.com.ar\/index.php?rest_route=\/wp\/v2\/posts\/46002","targetHints":{"allow":["GET"]}}],"collection":[{"href":"https:\/\/masquenoticiastucuman.com.ar\/index.php?rest_route=\/wp\/v2\/posts"}],"about":[{"href":"https:\/\/masquenoticiastucuman.com.ar\/index.php?rest_route=\/wp\/v2\/types\/post"}],"author":[{"embeddable":true,"href":"https:\/\/masquenoticiastucuman.com.ar\/index.php?rest_route=\/wp\/v2\/users\/2"}],"replies":[{"embeddable":true,"href":"https:\/\/masquenoticiastucuman.com.ar\/index.php?rest_route=%2Fwp%2Fv2%2Fcomments&post=46002"}],"version-history":[{"count":1,"href":"https:\/\/masquenoticiastucuman.com.ar\/index.php?rest_route=\/wp\/v2\/posts\/46002\/revisions"}],"predecessor-version":[{"id":46005,"href":"https:\/\/masquenoticiastucuman.com.ar\/index.php?rest_route=\/wp\/v2\/posts\/46002\/revisions\/46005"}],"wp:attachment":[{"href":"https:\/\/masquenoticiastucuman.com.ar\/index.php?rest_route=%2Fwp%2Fv2%2Fmedia&parent=46002"}],"wp:term":[{"taxonomy":"category","embeddable":true,"href":"https:\/\/masquenoticiastucuman.com.ar\/index.php?rest_route=%2Fwp%2Fv2%2Fcategories&post=46002"},{"taxonomy":"post_tag","embeddable":true,"href":"https:\/\/masquenoticiastucuman.com.ar\/index.php?rest_route=%2Fwp%2Fv2%2Ftags&post=46002"}],"curies":[{"name":"wp","href":"https:\/\/api.w.org\/{rel}","templated":true}]}}