{"id":46014,"date":"2025-09-17T09:12:42","date_gmt":"2025-09-17T12:12:42","guid":{"rendered":"https:\/\/masquenoticiastucuman.com.ar\/?p=46014"},"modified":"2025-09-17T09:12:43","modified_gmt":"2025-09-17T12:12:43","slug":"con-un-colorido-evento-se-presento-la-ruta-productiva-y-turistica-del-este-tucumano","status":"publish","type":"post","link":"https:\/\/masquenoticiastucuman.com.ar\/?p=46014","title":{"rendered":"Con un colorido evento, se present\u00f3 la Ruta Productiva y Tur\u00edstica del Este Tucumano"},"content":{"rendered":"\n<p>El lanzamiento tuvo lugar en el patio del Ente Tucum\u00e1n Turismo, con la presencia de autoridades, stands de las comunas, shows musicales y de danzas.<\/p>\n\n\n\n<p>En el marco del Mes del Turismo y el Mes del Estudiante, este martes por la tarde se present\u00f3 oficialmente en el Ente Tucum\u00e1n Turismo (ETT) la Ruta Productiva y Tur\u00edstica del Este Tucumano, \u201cLa aventura de aprender\u201d, una innovadora propuesta que combina turismo educativo, desarrollo econ\u00f3mico y revalorizaci\u00f3n cultural.<\/p>\n\n\n\n<p>El acto estuvo encabezado por el presidente del ETT,&nbsp;<strong>Domingo Amaya<\/strong>; la vicepresidenta,&nbsp;<strong>In\u00e9s Fr\u00edas Silva<\/strong>; el secretario general,&nbsp;<strong>Marcos D\u00edaz<\/strong>; y el secretario de Relaciones Interinstitucionales del Ministerio de Interior,&nbsp;<strong>Leonardo Vildoza<\/strong>, junto a la legisladora provincial,&nbsp;<strong>Maia Mart\u00ednez<\/strong>, el presidente del Ente Cultural,&nbsp;<strong>Humberto Salazar<\/strong>, y comisionados comunales de las jurisdicciones del este provincial, quienes acompa\u00f1aron la presentaci\u00f3n.<\/p>\n\n\n\n<p>La iniciativa busca brindar a estudiantes de todos los niveles una experiencia vivencial e integral, que los conecte con los procesos productivos, la historia y la identidad del Este tucumano, a trav\u00e9s de un recorrido inmersivo y recreativo por los distintos puntos de la regi\u00f3n, observando de primera mano c\u00f3mo se vive y trabaja en el lugar.<\/p>\n\n\n\n<p>Durante la jornada, los presentes pudieron recorrer los stands de las comunas participantes y disfrutar de espect\u00e1culos art\u00edsticos en vivo que dieron color al lanzamiento.<\/p>\n\n\n\n<p>\u201cCon esta ruta no solo ofrecemos un espacio educativo para nuestros j\u00f3venes, tambi\u00e9n consolidamos un nuevo producto tur\u00edstico que diversifica la oferta de Tucum\u00e1n y fortalece la econom\u00eda local. Estamos convencidos de que esta propuesta crecer\u00e1 a\u00f1o a a\u00f1o\u201d, destac\u00f3 Amaya, quien hizo hincapi\u00e9 en el trabajo mancomunado entre los distintos estamentos que componen el Gobierno de Tucum\u00e1n, brindando seguridad, salud, educaci\u00f3n y turismo a la poblaci\u00f3n.<\/p>\n\n\n\n<figure class=\"wp-block-image size-full\"><img decoding=\"async\" src=\"https:\/\/masquenoticiastucuman.com.ar\/wp-content\/uploads\/2025\/09\/250917084946_10448.jpg\" alt=\"\" class=\"wp-image-46015\" \/><\/figure>\n\n\n\n<p>\u201cMe emociona ver esto, a nuestros bailarines, nuestras ropas t\u00edpicas, la identidad tucumana\u201d, confes\u00f3 el presidente del Ente. \u201cComo predica el gobernador Osvaldo Jaldo, trabajando todos juntos vamos a salir adelante. No tengo dudas de eso porque esta gesti\u00f3n sabe y siente que Tucum\u00e1n est\u00e1 primero\u201d, asent\u00f3.<\/p>\n\n\n\n<p>Fr\u00edas Silva, por su parte, coment\u00f3 sentir una inmensa felicidad \u201cpor la enorme convocatoria que suscit\u00f3 el evento\u201d y ponder\u00f3 al director de turismo de El Naranjo y El Sunchal, Facundo Torres, que \u201cse puso en la ardua tarea de desarrollar esta idea y de explicarle a toda la gente de la zona lo que significa trabajar con turismo y c\u00f3mo esta actividad tracciona la econom\u00eda de un destino; no tengo dudas que a trav\u00e9s de profesionales como \u00e9l se asegurar\u00e1 el \u00e9xito de la Ruta\u201d.<\/p>\n\n\n\n<p>El proyecto toma especial relevancia en septiembre, un mes clave para la actividad tur\u00edstica, generando movimiento descentralizado en las comunas del este tucumano, que se destacan por su empuje productivo y cultural. En ese sentido, la legisladora Mart\u00ednez explic\u00f3 que el circuito nace desde El Timb\u00f3, pasa por El Naranjo y El Sunchal y seguir\u00e1 creciendo e integrando nuevos destinos con el paso del tiempo. \u201cTenemos producci\u00f3n, tenemos cultura, tenemos deporte y tenemos turismo; propuestas como esta existen porque los tucumanos del Este queremos mostrarle al mundo lo que ofrecemos\u201d, expres\u00f3 con emoci\u00f3n.<\/p>\n\n\n\n<p>En esa misma l\u00ednea se manifest\u00f3 la comisionada comunal Amanda Grau, que resalt\u00f3 el \u201cinmenso orgullo\u201d de haber materializado la iniciativa y agradeci\u00f3 la colaboraci\u00f3n activa del Ente de Turismo, las comunas, los emprendedores y los productores de la zona. Daniel Carbajal, comisionado comunal de El Timb\u00f3, puso en valor el potencial del Kart\u00f3dromo Internacional con el que cuenta el destino, ya que le permiti\u00f3 consolidarse como una sede destacada dentro del deporte motor. \u201cPero tambi\u00e9n tenemos artesanos, naturaleza y una producci\u00f3n que se suma con fuerza a la cadena de consumo de la sociedad tucumana; nuestra gente busca crecer y propuestas como esta ayudan bastante en ese sentido\u201d, grafic\u00f3.<\/p>\n\n\n\n<figure class=\"wp-block-image size-full\"><img decoding=\"async\" src=\"https:\/\/masquenoticiastucuman.com.ar\/wp-content\/uploads\/2025\/09\/250917085009_38743.jpg\" alt=\"\" class=\"wp-image-46016\" \/><\/figure>\n\n\n\n<p>Por \u00faltimo, el secretario general del Ente aclar\u00f3 que esto es simplemente un punto de partida. \u201cEsto tiene como objetivo final el fortalecimiento de la econom\u00eda regional de la zona a trav\u00e9s del turismo. Desde el organismo sabemos del potencial con el que cuentan y eso es lo que tratamos de estimular en esta gesti\u00f3n de Domingo Amaya al frente del Ente\u201d, concluy\u00f3 D\u00edaz.<\/p>\n\n\n\n<p>De esta manera, la Ruta Productiva y Tur\u00edstica del Este se posiciona como una experiencia \u00fanica que apunta a convertirse en un evento anual, con el objetivo de dinamizar la econom\u00eda regional, estimular el empleo, potenciar la identidad territorial y reafirmar que Tucum\u00e1n tiene todo.<\/p>\n","protected":false},"excerpt":{"rendered":"<p>El lanzamiento tuvo lugar en el patio del Ente Tucum\u00e1n Turismo, con la presencia de&#8230;<\/p>\n","protected":false},"author":2,"featured_media":0,"comment_status":"open","ping_status":"open","sticky":false,"template":"","format":"standard","meta":{"footnotes":""},"categories":[2],"tags":[],"class_list":["post-46014","post","type-post","status-publish","format-standard","hentry","category-locales"],"_links":{"self":[{"href":"https:\/\/masquenoticiastucuman.com.ar\/index.php?rest_route=\/wp\/v2\/posts\/46014","targetHints":{"allow":["GET"]}}],"collection":[{"href":"https:\/\/masquenoticiastucuman.com.ar\/index.php?rest_route=\/wp\/v2\/posts"}],"about":[{"href":"https:\/\/masquenoticiastucuman.com.ar\/index.php?rest_route=\/wp\/v2\/types\/post"}],"author":[{"embeddable":true,"href":"https:\/\/masquenoticiastucuman.com.ar\/index.php?rest_route=\/wp\/v2\/users\/2"}],"replies":[{"embeddable":true,"href":"https:\/\/masquenoticiastucuman.com.ar\/index.php?rest_route=%2Fwp%2Fv2%2Fcomments&post=46014"}],"version-history":[{"count":1,"href":"https:\/\/masquenoticiastucuman.com.ar\/index.php?rest_route=\/wp\/v2\/posts\/46014\/revisions"}],"predecessor-version":[{"id":46017,"href":"https:\/\/masquenoticiastucuman.com.ar\/index.php?rest_route=\/wp\/v2\/posts\/46014\/revisions\/46017"}],"wp:attachment":[{"href":"https:\/\/masquenoticiastucuman.com.ar\/index.php?rest_route=%2Fwp%2Fv2%2Fmedia&parent=46014"}],"wp:term":[{"taxonomy":"category","embeddable":true,"href":"https:\/\/masquenoticiastucuman.com.ar\/index.php?rest_route=%2Fwp%2Fv2%2Fcategories&post=46014"},{"taxonomy":"post_tag","embeddable":true,"href":"https:\/\/masquenoticiastucuman.com.ar\/index.php?rest_route=%2Fwp%2Fv2%2Ftags&post=46014"}],"curies":[{"name":"wp","href":"https:\/\/api.w.org\/{rel}","templated":true}]}}