{"id":46030,"date":"2025-09-17T12:01:06","date_gmt":"2025-09-17T15:01:06","guid":{"rendered":"http:\/\/masquenoticiastucuman.com.ar\/?p=46030"},"modified":"2025-09-17T12:01:06","modified_gmt":"2025-09-17T15:01:06","slug":"franco-mastantuono-debuto-en-la-champions-con-record-y-el-mundo-se-ilusiona-con-la-estrella-del-real-madrid-pertenece-a-este-escenario","status":"publish","type":"post","link":"https:\/\/masquenoticiastucuman.com.ar\/?p=46030","title":{"rendered":"Franco Mastantuono debut\u00f3 en la Champions con r\u00e9cord y el mundo se ilusiona con la estrella del Real Madrid: &#8220;Pertenece a este escenario&#8221;"},"content":{"rendered":"<ul>\n<li>A los 18 a\u00f1os y 33 d\u00edas fue el titular m\u00e1s joven en la historia del Merengue en este torneo.<\/li>\n<li>El New York Times habla de una ovaci\u00f3n del Bernab\u00e9u y destaca su desparpajo.<\/li>\n<li>En Espa\u00f1a remarcan la confianza de Xabi Alonso: s\u00f3lo le falt\u00f3 coronar con un gol.<\/li>\n<\/ul>","protected":false},"excerpt":{"rendered":"<p>A los 18 a\u00f1os y 33 d\u00edas fue el titular m\u00e1s joven en la historia&#8230;<\/p>\n","protected":false},"author":1,"featured_media":0,"comment_status":"open","ping_status":"open","sticky":false,"template":"","format":"standard","meta":{"footnotes":""},"categories":[6],"tags":[],"class_list":["post-46030","post","type-post","status-publish","format-standard","hentry","category-deportes"],"_links":{"self":[{"href":"https:\/\/masquenoticiastucuman.com.ar\/index.php?rest_route=\/wp\/v2\/posts\/46030","targetHints":{"allow":["GET"]}}],"collection":[{"href":"https:\/\/masquenoticiastucuman.com.ar\/index.php?rest_route=\/wp\/v2\/posts"}],"about":[{"href":"https:\/\/masquenoticiastucuman.com.ar\/index.php?rest_route=\/wp\/v2\/types\/post"}],"author":[{"embeddable":true,"href":"https:\/\/masquenoticiastucuman.com.ar\/index.php?rest_route=\/wp\/v2\/users\/1"}],"replies":[{"embeddable":true,"href":"https:\/\/masquenoticiastucuman.com.ar\/index.php?rest_route=%2Fwp%2Fv2%2Fcomments&post=46030"}],"version-history":[{"count":0,"href":"https:\/\/masquenoticiastucuman.com.ar\/index.php?rest_route=\/wp\/v2\/posts\/46030\/revisions"}],"wp:attachment":[{"href":"https:\/\/masquenoticiastucuman.com.ar\/index.php?rest_route=%2Fwp%2Fv2%2Fmedia&parent=46030"}],"wp:term":[{"taxonomy":"category","embeddable":true,"href":"https:\/\/masquenoticiastucuman.com.ar\/index.php?rest_route=%2Fwp%2Fv2%2Fcategories&post=46030"},{"taxonomy":"post_tag","embeddable":true,"href":"https:\/\/masquenoticiastucuman.com.ar\/index.php?rest_route=%2Fwp%2Fv2%2Ftags&post=46030"}],"curies":[{"name":"wp","href":"https:\/\/api.w.org\/{rel}","templated":true}]}}