{"id":46035,"date":"2025-09-18T06:57:46","date_gmt":"2025-09-18T09:57:46","guid":{"rendered":"https:\/\/masquenoticiastucuman.com.ar\/?p=46035"},"modified":"2025-09-18T06:57:46","modified_gmt":"2025-09-18T09:57:46","slug":"el-ministerio-fiscal-intervino-en-el-voraz-incendio-en-un-deposito-de-aceite","status":"publish","type":"post","link":"https:\/\/masquenoticiastucuman.com.ar\/?p=46035","title":{"rendered":"El Ministerio Fiscal intervino en el voraz incendio en un dep\u00f3sito de aceite"},"content":{"rendered":"\n<p>La Unidad Fiscal de Delitos Complejos dispuso la actuaci\u00f3n del ECIF con el objetivo de supervisar las tareas realizadas para sofocar el fuego y llevar a cabo las pericias correspondientes. El due\u00f1o de la propiedad est\u00e1 fuera de peligro, tras ser internado con quemaduras en el 40% de su cuerpo.<\/p>\n\n\n\n<p>Un incendio de grandes proporciones se desat\u00f3 ayer, alrededor de las 17:00 horas, en una propiedad donde se reciclaba aceite de lubricantes, ubicada en inmediaciones de Diagonal Sur y Cangallo, en la capital tucumana. El due\u00f1o del lugar, de 45 a\u00f1os, sufri\u00f3 quemaduras en el t\u00f3rax y parte de los miembros inferiores, por lo que tuvo que ser internado en el hospital Centro de Salud, donde permanece estable y fuera de peligro.<\/p>\n\n\n\n<figure class=\"wp-block-image size-full\"><img decoding=\"async\" src=\"https:\/\/masquenoticiastucuman.com.ar\/wp-content\/uploads\/2025\/09\/incendio-2.png\" alt=\"\" class=\"wp-image-46090\" \/><\/figure>\n\n\n\n<p>A partir de lo ocurrido se dio intervenci\u00f3n a la Unidad Fiscal de Delitos Complejos, encabezada por Mariana Rivadeneira, quien de inmediato orden\u00f3 que en el lugar se haga presente el Equipo Cient\u00edfico de Investigaciones Fiscales (ECIF), con personal perteneciente a la Direcci\u00f3n de An\u00e1lisis Criminal y de Criminal\u00edstica.<\/p>\n\n\n\n<p><br>Los peritos del MPF se encargaron de supervisar y documentar las tareas realizadas, con la prioridad de lograr sofocar el fuego. Prestaron colaboraci\u00f3n en forma conjunta Bomberos de la Polic\u00eda y Voluntarios, Defensa Civil, 107 y personal de la Comisar\u00eda N\u00b0 15.<\/p>\n\n\n\n<p><br>Seg\u00fan precisaron fuentes del caso, en el dep\u00f3sito hab\u00eda decenas de tachos de aceite de 200 litros. Se trata de un predio que cuenta con un galp\u00f3n precario. Dos terrenos colindantes fueron afectados por las llamas, al igual que una tercera vivienda de enfrente, donde adem\u00e1s se prendi\u00f3 fuego una camioneta que estaba estacionada en la vereda. Afortunadamente, no hubo que lamentar m\u00e1s v\u00edctimas en estos casos.<\/p>\n\n\n\n<p><br>El incendio fue controlado en horas de la noche. La escena qued\u00f3 preservada a los fines de que se contin\u00fae con el trabajo pericial.<\/p>\n","protected":false},"excerpt":{"rendered":"<p>La Unidad Fiscal de Delitos Complejos dispuso la actuaci\u00f3n del ECIF con el objetivo de&#8230;<\/p>\n","protected":false},"author":2,"featured_media":0,"comment_status":"open","ping_status":"open","sticky":false,"template":"","format":"standard","meta":{"footnotes":""},"categories":[2],"tags":[],"class_list":["post-46035","post","type-post","status-publish","format-standard","hentry","category-locales"],"_links":{"self":[{"href":"https:\/\/masquenoticiastucuman.com.ar\/index.php?rest_route=\/wp\/v2\/posts\/46035","targetHints":{"allow":["GET"]}}],"collection":[{"href":"https:\/\/masquenoticiastucuman.com.ar\/index.php?rest_route=\/wp\/v2\/posts"}],"about":[{"href":"https:\/\/masquenoticiastucuman.com.ar\/index.php?rest_route=\/wp\/v2\/types\/post"}],"author":[{"embeddable":true,"href":"https:\/\/masquenoticiastucuman.com.ar\/index.php?rest_route=\/wp\/v2\/users\/2"}],"replies":[{"embeddable":true,"href":"https:\/\/masquenoticiastucuman.com.ar\/index.php?rest_route=%2Fwp%2Fv2%2Fcomments&post=46035"}],"version-history":[{"count":1,"href":"https:\/\/masquenoticiastucuman.com.ar\/index.php?rest_route=\/wp\/v2\/posts\/46035\/revisions"}],"predecessor-version":[{"id":46092,"href":"https:\/\/masquenoticiastucuman.com.ar\/index.php?rest_route=\/wp\/v2\/posts\/46035\/revisions\/46092"}],"wp:attachment":[{"href":"https:\/\/masquenoticiastucuman.com.ar\/index.php?rest_route=%2Fwp%2Fv2%2Fmedia&parent=46035"}],"wp:term":[{"taxonomy":"category","embeddable":true,"href":"https:\/\/masquenoticiastucuman.com.ar\/index.php?rest_route=%2Fwp%2Fv2%2Fcategories&post=46035"},{"taxonomy":"post_tag","embeddable":true,"href":"https:\/\/masquenoticiastucuman.com.ar\/index.php?rest_route=%2Fwp%2Fv2%2Ftags&post=46035"}],"curies":[{"name":"wp","href":"https:\/\/api.w.org\/{rel}","templated":true}]}}