{"id":46103,"date":"2025-09-18T08:37:50","date_gmt":"2025-09-18T11:37:50","guid":{"rendered":"https:\/\/masquenoticiastucuman.com.ar\/?p=46103"},"modified":"2025-09-18T08:37:51","modified_gmt":"2025-09-18T11:37:51","slug":"presentaron-la-52-edicion-de-lules-canta-a-la-patria","status":"publish","type":"post","link":"https:\/\/masquenoticiastucuman.com.ar\/?p=46103","title":{"rendered":"Presentaron la 52\u00b0 edici\u00f3n de \u201cLules Canta a la Patria\u201d"},"content":{"rendered":"\n<p>La cartelera promete una experiencia musical variada, que abarca desde la m\u00fasica folcl\u00f3rica m\u00e1s aut\u00e9ntica hasta el pop argentino m\u00e1s popular. Entre los artistas confirmados se destacan Miranda!, Soledad, El Chaque\u00f1o Palavecino, La Konga, Nahuel Pennisi, Trulala, Los Tekis, Christian Herrera, Ahyre, Bersuit, Los Cafres, Campedrinos y Canto 4.<\/p>\n\n\n\n<p>Esta ma\u00f1ana se present\u00f3 la 52\u00b0 edici\u00f3n de \u201cLules Canta a la Patria\u201d en un acto celebrado en el Ente Aut\u00e1rquico Tucum\u00e1n Turismo (EATT), encabezado por su presidente,&nbsp;<strong>Do<\/strong><strong>mingo Amaya<\/strong>&nbsp;y su vicepresidente,<strong>&nbsp;In\u00e9s Fr\u00edas Silva&nbsp;<\/strong>junto al legislador&nbsp;<strong>C<\/strong><strong>arlos Gallia<\/strong>&nbsp;y el secretario general de Educaci\u00f3n y Cultura de Lules,&nbsp;<strong>Julio Gonz\u00e1lez.<\/strong><\/p>\n\n\n\n<p><strong><\/strong>Se celebrar\u00e1 del 19 al 21 de septiembre en el Parque Cultural de Lules, ubicado en la intersecci\u00f3n de las rutas nacionales 301 y 341, en la provincia de Tucum\u00e1n. El festival fue declarado de Inter\u00e9s Tur\u00edstico.<\/p>\n\n\n\n<p>El Parque Cultural, con m\u00e1s de 5 hect\u00e1reas de espacios verdes, contar\u00e1 con \u00e1reas gastron\u00f3micas, estacionamiento y escenarios especialmente dise\u00f1ados para asegurar un ambiente c\u00f3modo y seguro.<\/p>\n\n\n\n<figure class=\"wp-block-image size-large\"><img decoding=\"async\" src=\"https:\/\/masquenoticiastucuman.com.ar\/wp-content\/uploads\/2025\/09\/250917131018_62602-1024x682.jpeg\" alt=\"\" class=\"wp-image-46104\" \/><\/figure>\n\n\n\n<p>Amaya destac\u00f3 que \u00abLules Canta a la Patria\u00bb representa el esp\u00edritu del nuevo eslogan provincial: Tucum\u00e1n tiene todo. Subray\u00f3 el valor del festival como evento familiar que impulsa la econom\u00eda local y reconoci\u00f3 el trabajo del municipio de Lules y del legislador Gallia.<\/p>\n\n\n\n<p><strong><\/strong>Tambi\u00e9n valor\u00f3 el Parque Cultural de Lules como un espacio clave para este tipo de celebraciones y resalt\u00f3 el impacto en emprendedores y productores locales.<\/p>\n\n\n\n<p>Gracias al apoyo del gobernador Osvaldo Jaldo, afirm\u00f3, estos encuentros culturales y gastron\u00f3micos pueden realizarse en toda la provincia en un entorno seguro y familiar.<\/p>\n\n\n\n<blockquote class=\"wp-block-quote is-layout-flow wp-block-quote-is-layout-flow\">\n<p>\u201cLules est\u00e1 muy cerca, pero tiene mucho para ofrecer: su gastronom\u00eda, cultura, naturaleza y su gente. Es una forma de celebrar nuestras ra\u00edces\u201d, cerr\u00f3.<\/p>\n<\/blockquote>\n\n\n\n<figure class=\"wp-block-image size-full\"><img decoding=\"async\" src=\"https:\/\/masquenoticiastucuman.com.ar\/wp-content\/uploads\/2025\/09\/250917114923_79559.jpg\" alt=\"\" class=\"wp-image-46105\" \/><\/figure>\n\n\n\n<blockquote class=\"wp-block-quote is-layout-flow wp-block-quote-is-layout-flow\">\n<p id=\"isPasted\">\u201cSon 52 a\u00f1os de historia, y el p\u00fablico lule\u00f1o espera este festival cada a\u00f1o. Es tambi\u00e9n un reconocimiento a los artistas locales que participan durante todo el a\u00f1o en cada fiesta patronal\u201d, afirm\u00f3 el legislador Gallia. En la oportunidad, remarc\u00f3 que el festival no solo tiene un valor cultural, sino tambi\u00e9n econ\u00f3mico y tur\u00edstico, al generar movimiento en la ciudad y visibilizar la producci\u00f3n local.<\/p>\n<\/blockquote>\n\n\n\n<p>&nbsp;\u201cLa diversi\u00f3n est\u00e1 asegurada, pero con responsabilidad. Pedimos que quienes asistan lo hagan con un conductor designado\u201d, agreg\u00f3.<\/p>\n\n\n\n<p>Adem\u00e1s, inform\u00f3 que dentro del Parque Cultural habr\u00e1 42 puestos, principalmente gastron\u00f3micos, donde emprendedores locales ofrecer\u00e1n comidas t\u00edpicas y productos artesanales. Las entradas pueden adquirirse anticipadamente desde $13.000, y tambi\u00e9n en puerta a $20.000. Las preferenciales anticipadas costar\u00e1n $40.000.<strong><\/strong><\/p>\n\n\n\n<p><strong>Finalmente, agradeci\u00f3 el apoyo del Ente Tucum\u00e1n Turismo y del gobernador Osvaldo Jaldo por acompa\u00f1ar este tipo de eventos que fortalecen la identidad y la econom\u00eda local.<\/strong><\/p>\n\n\n\n<p><strong>La grilla, d\u00eda por d\u00eda:<\/strong><\/p>\n\n\n\n<p><strong>Viernes 19 de septiembre:<\/strong>&nbsp;El Chaque\u00f1o Palavecino, La Konga, Christian Herrera y Canto 4 dar\u00e1n inicio a la fiesta con una noche entregada al folclore y el cuarteto.<\/p>\n\n\n\n<p><strong>S\u00e1bado 20 de septiembre:&nbsp;<\/strong>la emoci\u00f3n y la variedad se har\u00e1n sentir con Soledad, Nahuel Pennisi, Bersuit, Ahyre y Trulal\u00e1.<\/p>\n\n\n\n<p><strong>Domingo 21 de septiembre:&nbsp;<\/strong>el cierre ser\u00e1 explosivo con Miranda!, Los Tekis, Los Cafres y Campedrinos, en una propuesta que suma pop, reggae y m\u00fasica andina.<\/p>\n\n\n\n<p><strong>Cada jornada contar\u00e1 con presentaciones en vivo, shows interactivos y muchas sorpresas que asegurar\u00e1n una experiencia \u00fanica e inolvidable.<\/strong><\/p>\n","protected":false},"excerpt":{"rendered":"<p>La cartelera promete una experiencia musical variada, que abarca desde la m\u00fasica folcl\u00f3rica m\u00e1s aut\u00e9ntica&#8230;<\/p>\n","protected":false},"author":2,"featured_media":0,"comment_status":"open","ping_status":"open","sticky":false,"template":"","format":"standard","meta":{"footnotes":""},"categories":[2],"tags":[],"class_list":["post-46103","post","type-post","status-publish","format-standard","hentry","category-locales"],"_links":{"self":[{"href":"https:\/\/masquenoticiastucuman.com.ar\/index.php?rest_route=\/wp\/v2\/posts\/46103","targetHints":{"allow":["GET"]}}],"collection":[{"href":"https:\/\/masquenoticiastucuman.com.ar\/index.php?rest_route=\/wp\/v2\/posts"}],"about":[{"href":"https:\/\/masquenoticiastucuman.com.ar\/index.php?rest_route=\/wp\/v2\/types\/post"}],"author":[{"embeddable":true,"href":"https:\/\/masquenoticiastucuman.com.ar\/index.php?rest_route=\/wp\/v2\/users\/2"}],"replies":[{"embeddable":true,"href":"https:\/\/masquenoticiastucuman.com.ar\/index.php?rest_route=%2Fwp%2Fv2%2Fcomments&post=46103"}],"version-history":[{"count":1,"href":"https:\/\/masquenoticiastucuman.com.ar\/index.php?rest_route=\/wp\/v2\/posts\/46103\/revisions"}],"predecessor-version":[{"id":46107,"href":"https:\/\/masquenoticiastucuman.com.ar\/index.php?rest_route=\/wp\/v2\/posts\/46103\/revisions\/46107"}],"wp:attachment":[{"href":"https:\/\/masquenoticiastucuman.com.ar\/index.php?rest_route=%2Fwp%2Fv2%2Fmedia&parent=46103"}],"wp:term":[{"taxonomy":"category","embeddable":true,"href":"https:\/\/masquenoticiastucuman.com.ar\/index.php?rest_route=%2Fwp%2Fv2%2Fcategories&post=46103"},{"taxonomy":"post_tag","embeddable":true,"href":"https:\/\/masquenoticiastucuman.com.ar\/index.php?rest_route=%2Fwp%2Fv2%2Ftags&post=46103"}],"curies":[{"name":"wp","href":"https:\/\/api.w.org\/{rel}","templated":true}]}}