{"id":46108,"date":"2025-09-18T08:54:43","date_gmt":"2025-09-18T11:54:43","guid":{"rendered":"https:\/\/masquenoticiastucuman.com.ar\/?p=46108"},"modified":"2025-09-18T08:54:43","modified_gmt":"2025-09-18T11:54:43","slug":"empleada-infiel-le-secuestran-11-mil-dolares-electrodomesticos-y-vehiculos","status":"publish","type":"post","link":"https:\/\/masquenoticiastucuman.com.ar\/?p=46108","title":{"rendered":"Empleada infiel: Le secuestran 11 mil d\u00f3lares, electrodom\u00e9sticos y veh\u00edculos"},"content":{"rendered":"\n<p>La medida, concretada en Yerba Buena, permiti\u00f3 tambi\u00e9n la detenci\u00f3n de la implicada en la causa, que habr\u00eda adquirido importantes bienes tras el robo a su empleador. .<\/p>\n\n\n\n<p id=\"isPasted\">Por disposici\u00f3n de la justicia, ayer se realiz\u00f3 un allanamiento en la vivienda de una mujer y se secuestr\u00f3 dolares, electrodom\u00e9sticos, motos y bicicletas&nbsp;que al parecer le hab\u00eda sustra\u00eddo a su empleador.<\/p>\n\n\n\n<p>El subcomisario Emanuel Zamorano, jefe de la Unidad de Investigaciones Criminales y Delitos Complejos de Yerba Buena, explic\u00f3 que la v\u00edctima realiz\u00f3 la denuncia al notar una disminuci\u00f3n en sus ahorros en d\u00f3lares desde diciembre hasta la fecha. Tras instalar una c\u00e1mara de seguridad en su vivienda, constat\u00f3 que la empleada dom\u00e9stica era la responsable de sustraer el dinero.<\/p>\n\n\n\n<p>Sobre el procedimiento, Zamorano detall\u00f3: \u201cSe realizaron entrevistas con la v\u00edctima y se trabaj\u00f3 en ambos domicilios.<\/p>\n\n\n\n<p>Con los elementos probatorios se solicit\u00f3 el allanamiento de la vivienda de la imputada, ubicada en calle Entre R\u00edos 2800, en Yerba Buena, que arroj\u00f3 resultados altamente positivos, con el secuestro de 11.000 d\u00f3lares, electrodom\u00e9sticos, motos, bicicletas, entre otros bienes adquiridos posteriormente a este robo\u201d.<\/p>\n\n\n\n<p>La investigaci\u00f3n concluy\u00f3 con la detenci\u00f3n de la empleada, quien ser\u00e1 presentada ante la fiscal\u00eda para la acusaci\u00f3n correspondiente. \u201cEsta persona ya hab\u00eda sido allanada en agosto por un delito de caracter\u00edsticas similares\u201d, finaliz\u00f3 Zamorano.<\/p>\n\n\n\n<p>Etiquetas:&nbsp;<a href=\"https:\/\/www.comunicaciontucuman.gob.ar\/tags\/983\/empleada-infiel\">empleada infiel<\/a><\/p>\n","protected":false},"excerpt":{"rendered":"<p>La medida, concretada en Yerba Buena, permiti\u00f3 tambi\u00e9n la detenci\u00f3n de la implicada en la&#8230;<\/p>\n","protected":false},"author":2,"featured_media":0,"comment_status":"open","ping_status":"open","sticky":false,"template":"","format":"standard","meta":{"footnotes":""},"categories":[2],"tags":[],"class_list":["post-46108","post","type-post","status-publish","format-standard","hentry","category-locales"],"_links":{"self":[{"href":"https:\/\/masquenoticiastucuman.com.ar\/index.php?rest_route=\/wp\/v2\/posts\/46108","targetHints":{"allow":["GET"]}}],"collection":[{"href":"https:\/\/masquenoticiastucuman.com.ar\/index.php?rest_route=\/wp\/v2\/posts"}],"about":[{"href":"https:\/\/masquenoticiastucuman.com.ar\/index.php?rest_route=\/wp\/v2\/types\/post"}],"author":[{"embeddable":true,"href":"https:\/\/masquenoticiastucuman.com.ar\/index.php?rest_route=\/wp\/v2\/users\/2"}],"replies":[{"embeddable":true,"href":"https:\/\/masquenoticiastucuman.com.ar\/index.php?rest_route=%2Fwp%2Fv2%2Fcomments&post=46108"}],"version-history":[{"count":1,"href":"https:\/\/masquenoticiastucuman.com.ar\/index.php?rest_route=\/wp\/v2\/posts\/46108\/revisions"}],"predecessor-version":[{"id":46110,"href":"https:\/\/masquenoticiastucuman.com.ar\/index.php?rest_route=\/wp\/v2\/posts\/46108\/revisions\/46110"}],"wp:attachment":[{"href":"https:\/\/masquenoticiastucuman.com.ar\/index.php?rest_route=%2Fwp%2Fv2%2Fmedia&parent=46108"}],"wp:term":[{"taxonomy":"category","embeddable":true,"href":"https:\/\/masquenoticiastucuman.com.ar\/index.php?rest_route=%2Fwp%2Fv2%2Fcategories&post=46108"},{"taxonomy":"post_tag","embeddable":true,"href":"https:\/\/masquenoticiastucuman.com.ar\/index.php?rest_route=%2Fwp%2Fv2%2Ftags&post=46108"}],"curies":[{"name":"wp","href":"https:\/\/api.w.org\/{rel}","templated":true}]}}