{"id":46135,"date":"2025-09-18T12:01:03","date_gmt":"2025-09-18T15:01:03","guid":{"rendered":"http:\/\/masquenoticiastucuman.com.ar\/?p=46135"},"modified":"2025-09-18T12:01:03","modified_gmt":"2025-09-18T15:01:03","slug":"el-penal-de-la-polemica-en-river-vs-palmeiras-el-insolito-momento-en-que-el-arbitro-valenzuela-jugo-al-suspenso-y-confundio-a-todos-con-el-var","status":"publish","type":"post","link":"https:\/\/masquenoticiastucuman.com.ar\/?p=46135","title":{"rendered":"El penal de la pol\u00e9mica en River vs Palmeiras: el ins\u00f3lito momento en que el \u00e1rbitro Valenzuela jug\u00f3 al suspenso y confundi\u00f3 a todos con el VAR"},"content":{"rendered":"<ul>\n<li>Los dirigidos por Marcelo Gallardo perdieron 2-1 en la ida de los cuartos de final de la Copa Libertadores.<\/li>\n<li>Una jugada gener\u00f3 discusi\u00f3n: un choque del arquero con Montiel pareci\u00f3 infracci\u00f3n en el \u00e1rea.<\/li>\n<li>El juez venezolano revis\u00f3 la acci\u00f3n en los monitores y al dar a conocer su decisi\u00f3n gener\u00f3 desconcierto.<\/li>\n<\/ul>","protected":false},"excerpt":{"rendered":"<p>Los dirigidos por Marcelo Gallardo perdieron 2-1 en la ida de los cuartos de final&#8230;<\/p>\n","protected":false},"author":1,"featured_media":0,"comment_status":"open","ping_status":"open","sticky":false,"template":"","format":"standard","meta":{"footnotes":""},"categories":[6],"tags":[],"class_list":["post-46135","post","type-post","status-publish","format-standard","hentry","category-deportes"],"_links":{"self":[{"href":"https:\/\/masquenoticiastucuman.com.ar\/index.php?rest_route=\/wp\/v2\/posts\/46135","targetHints":{"allow":["GET"]}}],"collection":[{"href":"https:\/\/masquenoticiastucuman.com.ar\/index.php?rest_route=\/wp\/v2\/posts"}],"about":[{"href":"https:\/\/masquenoticiastucuman.com.ar\/index.php?rest_route=\/wp\/v2\/types\/post"}],"author":[{"embeddable":true,"href":"https:\/\/masquenoticiastucuman.com.ar\/index.php?rest_route=\/wp\/v2\/users\/1"}],"replies":[{"embeddable":true,"href":"https:\/\/masquenoticiastucuman.com.ar\/index.php?rest_route=%2Fwp%2Fv2%2Fcomments&post=46135"}],"version-history":[{"count":0,"href":"https:\/\/masquenoticiastucuman.com.ar\/index.php?rest_route=\/wp\/v2\/posts\/46135\/revisions"}],"wp:attachment":[{"href":"https:\/\/masquenoticiastucuman.com.ar\/index.php?rest_route=%2Fwp%2Fv2%2Fmedia&parent=46135"}],"wp:term":[{"taxonomy":"category","embeddable":true,"href":"https:\/\/masquenoticiastucuman.com.ar\/index.php?rest_route=%2Fwp%2Fv2%2Fcategories&post=46135"},{"taxonomy":"post_tag","embeddable":true,"href":"https:\/\/masquenoticiastucuman.com.ar\/index.php?rest_route=%2Fwp%2Fv2%2Ftags&post=46135"}],"curies":[{"name":"wp","href":"https:\/\/api.w.org\/{rel}","templated":true}]}}