{"id":46141,"date":"2025-09-18T13:01:02","date_gmt":"2025-09-18T16:01:02","guid":{"rendered":"http:\/\/masquenoticiastucuman.com.ar\/?p=46141"},"modified":"2025-09-18T13:01:02","modified_gmt":"2025-09-18T16:01:02","slug":"aporta-6-de-cada-10-dolares-que-ingresan-un-dirigente-rural-reclamo-la-falta-de-inversion-en-infraestructura-y-de-planificacion-para-el-campo","status":"publish","type":"post","link":"https:\/\/masquenoticiastucuman.com.ar\/?p=46141","title":{"rendered":"&#8220;Aporta 6 de cada 10 d\u00f3lares que ingresan&#8221;: un dirigente rural reclam\u00f3 la falta de inversi\u00f3n en infraestructura y de planificaci\u00f3n para el campo"},"content":{"rendered":"<ul>\n<li>El presidente de Coninagro, Lucas Magnano, abri\u00f3 la 8va edici\u00f3n del Congreso Internacional de la entidad.<\/li>\n<\/ul>","protected":false},"excerpt":{"rendered":"<p>El presidente de Coninagro, Lucas Magnano, abri\u00f3 la 8va edici\u00f3n del Congreso Internacional de la&#8230;<\/p>\n","protected":false},"author":1,"featured_media":0,"comment_status":"open","ping_status":"open","sticky":false,"template":"","format":"standard","meta":{"footnotes":""},"categories":[],"tags":[],"class_list":["post-46141","post","type-post","status-publish","format-standard","hentry"],"_links":{"self":[{"href":"https:\/\/masquenoticiastucuman.com.ar\/index.php?rest_route=\/wp\/v2\/posts\/46141","targetHints":{"allow":["GET"]}}],"collection":[{"href":"https:\/\/masquenoticiastucuman.com.ar\/index.php?rest_route=\/wp\/v2\/posts"}],"about":[{"href":"https:\/\/masquenoticiastucuman.com.ar\/index.php?rest_route=\/wp\/v2\/types\/post"}],"author":[{"embeddable":true,"href":"https:\/\/masquenoticiastucuman.com.ar\/index.php?rest_route=\/wp\/v2\/users\/1"}],"replies":[{"embeddable":true,"href":"https:\/\/masquenoticiastucuman.com.ar\/index.php?rest_route=%2Fwp%2Fv2%2Fcomments&post=46141"}],"version-history":[{"count":0,"href":"https:\/\/masquenoticiastucuman.com.ar\/index.php?rest_route=\/wp\/v2\/posts\/46141\/revisions"}],"wp:attachment":[{"href":"https:\/\/masquenoticiastucuman.com.ar\/index.php?rest_route=%2Fwp%2Fv2%2Fmedia&parent=46141"}],"wp:term":[{"taxonomy":"category","embeddable":true,"href":"https:\/\/masquenoticiastucuman.com.ar\/index.php?rest_route=%2Fwp%2Fv2%2Fcategories&post=46141"},{"taxonomy":"post_tag","embeddable":true,"href":"https:\/\/masquenoticiastucuman.com.ar\/index.php?rest_route=%2Fwp%2Fv2%2Ftags&post=46141"}],"curies":[{"name":"wp","href":"https:\/\/api.w.org\/{rel}","templated":true}]}}