{"id":46159,"date":"2025-09-18T15:01:02","date_gmt":"2025-09-18T18:01:02","guid":{"rendered":"http:\/\/masquenoticiastucuman.com.ar\/?p=46159"},"modified":"2025-09-18T15:01:02","modified_gmt":"2025-09-18T18:01:02","slug":"pullaro-volvio-a-pedir-por-la-eliminacion-de-las-retenciones-y-reclamo-al-gobierno-nacional-por-la-falta-de-inversiones-en-infraestructura","status":"publish","type":"post","link":"https:\/\/masquenoticiastucuman.com.ar\/?p=46159","title":{"rendered":"Pullaro volvi\u00f3 a pedir por la eliminaci\u00f3n de las retenciones y reclam\u00f3 al Gobierno Nacional por la falta de inversiones en infraestructura"},"content":{"rendered":"<ul>\n<li>El gobernador de Santa Fe participo del 8\u00b0 Congreso Internacional de Coninagro, en Buenos Aires.<\/li>\n<li>Asegur\u00f3 que &#8220;se debe construir una salida al Gobierno nacional, sin tener que volver al kirchnerismo\u201d.<\/li>\n<\/ul>","protected":false},"excerpt":{"rendered":"<p>El gobernador de Santa Fe participo del 8\u00b0 Congreso Internacional de Coninagro, en Buenos Aires&#8230;.<\/p>\n","protected":false},"author":1,"featured_media":0,"comment_status":"open","ping_status":"open","sticky":false,"template":"","format":"standard","meta":{"footnotes":""},"categories":[],"tags":[],"class_list":["post-46159","post","type-post","status-publish","format-standard","hentry"],"_links":{"self":[{"href":"https:\/\/masquenoticiastucuman.com.ar\/index.php?rest_route=\/wp\/v2\/posts\/46159","targetHints":{"allow":["GET"]}}],"collection":[{"href":"https:\/\/masquenoticiastucuman.com.ar\/index.php?rest_route=\/wp\/v2\/posts"}],"about":[{"href":"https:\/\/masquenoticiastucuman.com.ar\/index.php?rest_route=\/wp\/v2\/types\/post"}],"author":[{"embeddable":true,"href":"https:\/\/masquenoticiastucuman.com.ar\/index.php?rest_route=\/wp\/v2\/users\/1"}],"replies":[{"embeddable":true,"href":"https:\/\/masquenoticiastucuman.com.ar\/index.php?rest_route=%2Fwp%2Fv2%2Fcomments&post=46159"}],"version-history":[{"count":0,"href":"https:\/\/masquenoticiastucuman.com.ar\/index.php?rest_route=\/wp\/v2\/posts\/46159\/revisions"}],"wp:attachment":[{"href":"https:\/\/masquenoticiastucuman.com.ar\/index.php?rest_route=%2Fwp%2Fv2%2Fmedia&parent=46159"}],"wp:term":[{"taxonomy":"category","embeddable":true,"href":"https:\/\/masquenoticiastucuman.com.ar\/index.php?rest_route=%2Fwp%2Fv2%2Fcategories&post=46159"},{"taxonomy":"post_tag","embeddable":true,"href":"https:\/\/masquenoticiastucuman.com.ar\/index.php?rest_route=%2Fwp%2Fv2%2Ftags&post=46159"}],"curies":[{"name":"wp","href":"https:\/\/api.w.org\/{rel}","templated":true}]}}