{"id":46191,"date":"2025-09-18T20:01:03","date_gmt":"2025-09-18T23:01:03","guid":{"rendered":"http:\/\/masquenoticiastucuman.com.ar\/?p=46191"},"modified":"2025-09-18T20:01:03","modified_gmt":"2025-09-18T23:01:03","slug":"que-dijo-luciano-de-cecco-tras-la-victoria-de-argentina-sobre-francia-en-el-mundial-de-voley-y-el-record-que-puede-compartir-con-lionel-messi","status":"publish","type":"post","link":"https:\/\/masquenoticiastucuman.com.ar\/?p=46191","title":{"rendered":"Qu\u00e9 dijo Luciano De Cecco tras la victoria de Argentina sobre Francia en el Mundial de voley y el r\u00e9cord que puede compartir con Lionel Messi"},"content":{"rendered":"<ul>\n<li>El armador se convirti\u00f3 en el primer jugador de la historia con seis participaciones mundialistas.<\/li>\n<li>Una marca que en el f\u00fatbol intentar\u00e1 alcanzar el rosarino en 2026.<\/li>\n<li>&#8220;Sabemos que no somos uno de los grandes pa\u00edses en el mundo del v\u00f3leibol y por eso estamos muy felices&#8221;, cont\u00f3.<\/li>\n<\/ul>","protected":false},"excerpt":{"rendered":"<p>El armador se convirti\u00f3 en el primer jugador de la historia con seis participaciones mundialistas&#8230;.<\/p>\n","protected":false},"author":1,"featured_media":0,"comment_status":"open","ping_status":"open","sticky":false,"template":"","format":"standard","meta":{"footnotes":""},"categories":[6],"tags":[],"class_list":["post-46191","post","type-post","status-publish","format-standard","hentry","category-deportes"],"_links":{"self":[{"href":"https:\/\/masquenoticiastucuman.com.ar\/index.php?rest_route=\/wp\/v2\/posts\/46191","targetHints":{"allow":["GET"]}}],"collection":[{"href":"https:\/\/masquenoticiastucuman.com.ar\/index.php?rest_route=\/wp\/v2\/posts"}],"about":[{"href":"https:\/\/masquenoticiastucuman.com.ar\/index.php?rest_route=\/wp\/v2\/types\/post"}],"author":[{"embeddable":true,"href":"https:\/\/masquenoticiastucuman.com.ar\/index.php?rest_route=\/wp\/v2\/users\/1"}],"replies":[{"embeddable":true,"href":"https:\/\/masquenoticiastucuman.com.ar\/index.php?rest_route=%2Fwp%2Fv2%2Fcomments&post=46191"}],"version-history":[{"count":0,"href":"https:\/\/masquenoticiastucuman.com.ar\/index.php?rest_route=\/wp\/v2\/posts\/46191\/revisions"}],"wp:attachment":[{"href":"https:\/\/masquenoticiastucuman.com.ar\/index.php?rest_route=%2Fwp%2Fv2%2Fmedia&parent=46191"}],"wp:term":[{"taxonomy":"category","embeddable":true,"href":"https:\/\/masquenoticiastucuman.com.ar\/index.php?rest_route=%2Fwp%2Fv2%2Fcategories&post=46191"},{"taxonomy":"post_tag","embeddable":true,"href":"https:\/\/masquenoticiastucuman.com.ar\/index.php?rest_route=%2Fwp%2Fv2%2Ftags&post=46191"}],"curies":[{"name":"wp","href":"https:\/\/api.w.org\/{rel}","templated":true}]}}