{"id":46193,"date":"2025-09-18T21:01:02","date_gmt":"2025-09-19T00:01:02","guid":{"rendered":"http:\/\/masquenoticiastucuman.com.ar\/?p=46193"},"modified":"2025-09-18T21:01:02","modified_gmt":"2025-09-19T00:01:02","slug":"la-primera-ia-para-producir-frutas-y-hortalizas-apunta-a-revolucionar-el-sector-agricola","status":"publish","type":"post","link":"https:\/\/masquenoticiastucuman.com.ar\/?p=46193","title":{"rendered":"La primera IA para producir frutas y hortalizas apunta a revolucionar el sector agr\u00edcola"},"content":{"rendered":"<ul>\n<li>Se trata de una plataforma que se cre\u00f3 en Espa\u00f1a y que, en Am\u00e9rica, ya fue presentada en Chile y Per\u00fa.<\/li>\n<li>Busca mejorar la automatizaci\u00f3n y sincronizaci\u00f3n de procesos en el campo.<\/li>\n<\/ul>","protected":false},"excerpt":{"rendered":"<p>Se trata de una plataforma que se cre\u00f3 en Espa\u00f1a y que, en Am\u00e9rica, ya&#8230;<\/p>\n","protected":false},"author":1,"featured_media":0,"comment_status":"open","ping_status":"open","sticky":false,"template":"","format":"standard","meta":{"footnotes":""},"categories":[],"tags":[],"class_list":["post-46193","post","type-post","status-publish","format-standard","hentry"],"_links":{"self":[{"href":"https:\/\/masquenoticiastucuman.com.ar\/index.php?rest_route=\/wp\/v2\/posts\/46193","targetHints":{"allow":["GET"]}}],"collection":[{"href":"https:\/\/masquenoticiastucuman.com.ar\/index.php?rest_route=\/wp\/v2\/posts"}],"about":[{"href":"https:\/\/masquenoticiastucuman.com.ar\/index.php?rest_route=\/wp\/v2\/types\/post"}],"author":[{"embeddable":true,"href":"https:\/\/masquenoticiastucuman.com.ar\/index.php?rest_route=\/wp\/v2\/users\/1"}],"replies":[{"embeddable":true,"href":"https:\/\/masquenoticiastucuman.com.ar\/index.php?rest_route=%2Fwp%2Fv2%2Fcomments&post=46193"}],"version-history":[{"count":0,"href":"https:\/\/masquenoticiastucuman.com.ar\/index.php?rest_route=\/wp\/v2\/posts\/46193\/revisions"}],"wp:attachment":[{"href":"https:\/\/masquenoticiastucuman.com.ar\/index.php?rest_route=%2Fwp%2Fv2%2Fmedia&parent=46193"}],"wp:term":[{"taxonomy":"category","embeddable":true,"href":"https:\/\/masquenoticiastucuman.com.ar\/index.php?rest_route=%2Fwp%2Fv2%2Fcategories&post=46193"},{"taxonomy":"post_tag","embeddable":true,"href":"https:\/\/masquenoticiastucuman.com.ar\/index.php?rest_route=%2Fwp%2Fv2%2Ftags&post=46193"}],"curies":[{"name":"wp","href":"https:\/\/api.w.org\/{rel}","templated":true}]}}