{"id":46203,"date":"2025-09-18T23:01:03","date_gmt":"2025-09-19T02:01:03","guid":{"rendered":"http:\/\/masquenoticiastucuman.com.ar\/?p=46203"},"modified":"2025-09-18T23:01:03","modified_gmt":"2025-09-19T02:01:03","slug":"sin-mastantuono-ni-echeverri-placente-dio-la-lista-de-la-seleccion-para-el-mundial-sub-20-de-chile-un-tercio-de-los-convocados-juega-en-el-extranjero","status":"publish","type":"post","link":"https:\/\/masquenoticiastucuman.com.ar\/?p=46203","title":{"rendered":"Sin Mastantuono ni Echeverri, Placente dio la lista de la Selecci\u00f3n para el Mundial Sub 20 de Chile: un tercio de los convocados juega en el extranjero"},"content":{"rendered":"<ul>\n<li>Siete de los 21 citados juegan en clubes de Europa o de otros pa\u00edses del continente americano.<\/li>\n<li>Los 14 restantes est\u00e1n fichados en clubes de la Liga Profesional y V\u00e9lez es el que m\u00e1s aporta.<\/li>\n<\/ul>","protected":false},"excerpt":{"rendered":"<p>Siete de los 21 citados juegan en clubes de Europa o de otros pa\u00edses del&#8230;<\/p>\n","protected":false},"author":1,"featured_media":0,"comment_status":"open","ping_status":"open","sticky":false,"template":"","format":"standard","meta":{"footnotes":""},"categories":[6],"tags":[],"class_list":["post-46203","post","type-post","status-publish","format-standard","hentry","category-deportes"],"_links":{"self":[{"href":"https:\/\/masquenoticiastucuman.com.ar\/index.php?rest_route=\/wp\/v2\/posts\/46203","targetHints":{"allow":["GET"]}}],"collection":[{"href":"https:\/\/masquenoticiastucuman.com.ar\/index.php?rest_route=\/wp\/v2\/posts"}],"about":[{"href":"https:\/\/masquenoticiastucuman.com.ar\/index.php?rest_route=\/wp\/v2\/types\/post"}],"author":[{"embeddable":true,"href":"https:\/\/masquenoticiastucuman.com.ar\/index.php?rest_route=\/wp\/v2\/users\/1"}],"replies":[{"embeddable":true,"href":"https:\/\/masquenoticiastucuman.com.ar\/index.php?rest_route=%2Fwp%2Fv2%2Fcomments&post=46203"}],"version-history":[{"count":0,"href":"https:\/\/masquenoticiastucuman.com.ar\/index.php?rest_route=\/wp\/v2\/posts\/46203\/revisions"}],"wp:attachment":[{"href":"https:\/\/masquenoticiastucuman.com.ar\/index.php?rest_route=%2Fwp%2Fv2%2Fmedia&parent=46203"}],"wp:term":[{"taxonomy":"category","embeddable":true,"href":"https:\/\/masquenoticiastucuman.com.ar\/index.php?rest_route=%2Fwp%2Fv2%2Fcategories&post=46203"},{"taxonomy":"post_tag","embeddable":true,"href":"https:\/\/masquenoticiastucuman.com.ar\/index.php?rest_route=%2Fwp%2Fv2%2Ftags&post=46203"}],"curies":[{"name":"wp","href":"https:\/\/api.w.org\/{rel}","templated":true}]}}